{"id":1397,"date":"2022-04-13T17:59:56","date_gmt":"2022-04-13T15:59:56","guid":{"rendered":"https:\/\/www.efppsuomi.fi\/?p=1397"},"modified":"2023-01-27T00:05:37","modified_gmt":"2023-01-26T22:05:37","slug":"efpp-suomen-lausunto-eduskunnan-sivistysvaliokunnalle-psykoterapiakoulutuksen-muuttamisesta-maksuttomaksi","status":"publish","type":"post","link":"https:\/\/www.efppsuomi.fi\/index.php\/2022\/04\/13\/efpp-suomen-lausunto-eduskunnan-sivistysvaliokunnalle-psykoterapiakoulutuksen-muuttamisesta-maksuttomaksi\/","title":{"rendered":"EFPP Suomen lausunto Eduskunnan sivistysvaliokunnalle psykoterapiakoulutuksen muuttamisesta maksuttomaksi"},"content":{"rendered":"\n<p>Eduskunnan sivistysvaliokunnan kokouksen asialistalla oli 18.2.2022 Psykoterapian puolesta \u2013 Kansalaisaloite psykoterapiakoulutuksen muuttamisesta maksuttomaksi (Kansalaisaloite KAA 3\/2021 vp)<\/p>\n\n\n\n<p>Seuraavat asiantuntijat esittiv\u00e4t kutsuttuina edustamiensa tahojen lausunnot asiaan liittyen: ryhm\u00e4p\u00e4\u00e4llikk\u00f6, esittelij\u00e4neuvos Maarit Mikkonen, Sosiaali- ja terveysalan lupa- ja valvontavirasto (Valvira); ylil\u00e4\u00e4k\u00e4ri Outi Linnaranta, Terveyden ja hyvinvoinnin laitos (THL); toimialajohtaja Jesper Ekelund, Helsingin ja Uudenmaan sairaanhoitopiiri; puheenjohtaja Kirsi Huttula, The European Federation for Psychoanalytic Psychotherapy Suomen Kansallinen verkosto ry<\/p>\n\n\n\n<p>L<a href=\"https:\/\/www.efppsuomi.fi\/wp-content\/uploads\/2022\/04\/Efpp-Suomen-lausunto-Psykoterapeuttikoulutus-yliopistolliseksi-erikoistumiskoulutukseksi-26.1.2022.pdf\">inkki EFPP:n lausuntoon Eduskunnan sivistysvaltiokunnalle<\/a><\/p>\n\n\n\n<p><a href=\"https:\/\/www.eduskunta.fi\/FI\/vaski\/KokousPoytakirja\/Sivut\/SiVP_9+2022.aspx\">https:\/\/www.eduskunta.fi\/FI\/vaski\/KokousPoytakirja\/Sivut\/SiVP_9+2022.aspx<\/a><\/p>\n","protected":false},"excerpt":{"rendered":"<p>Eduskunnan sivistysvaliokunnan kokouksen asialistalla oli 18.2.2022 Psykoterapian puolesta&#8230;<\/p>\n<div class=\"more-link-wrapper\"><a class=\"more-link\" href=\"https:\/\/www.efppsuomi.fi\/index.php\/2022\/04\/13\/efpp-suomen-lausunto-eduskunnan-sivistysvaliokunnalle-psykoterapiakoulutuksen-muuttamisesta-maksuttomaksi\/\">Lue lis\u00e4\u00e4<span class=\"screen-reader-text\">EFPP Suomen lausunto Eduskunnan sivistysvaliokunnalle psykoterapiakoulutuksen muuttamisesta maksuttomaksi<\/span><\/a><\/div>\n","protected":false},"author":1,"featured_media":0,"comment_status":"closed","ping_status":"open","sticky":false,"template":"","format":"standard","meta":{"footnotes":""},"categories":[6],"tags":[],"class_list":["post-1397","post","type-post","status-publish","format-standard","hentry","category-vaikuttaminen","entry"],"_links":{"self":[{"href":"https:\/\/www.efppsuomi.fi\/index.php\/wp-json\/wp\/v2\/posts\/1397","targetHints":{"allow":["GET"]}}],"collection":[{"href":"https:\/\/www.efppsuomi.fi\/index.php\/wp-json\/wp\/v2\/posts"}],"about":[{"href":"https:\/\/www.efppsuomi.fi\/index.php\/wp-json\/wp\/v2\/types\/post"}],"author":[{"embeddable":true,"href":"https:\/\/www.efppsuomi.fi\/index.php\/wp-json\/wp\/v2\/users\/1"}],"replies":[{"embeddable":true,"href":"https:\/\/www.efppsuomi.fi\/index.php\/wp-json\/wp\/v2\/comments?post=1397"}],"version-history":[{"count":6,"href":"https:\/\/www.efppsuomi.fi\/index.php\/wp-json\/wp\/v2\/posts\/1397\/revisions"}],"predecessor-version":[{"id":1410,"href":"https:\/\/www.efppsuomi.fi\/index.php\/wp-json\/wp\/v2\/posts\/1397\/revisions\/1410"}],"wp:attachment":[{"href":"https:\/\/www.efppsuomi.fi\/index.php\/wp-json\/wp\/v2\/media?parent=1397"}],"wp:term":[{"taxonomy":"category","embeddable":true,"href":"https:\/\/www.efppsuomi.fi\/index.php\/wp-json\/wp\/v2\/categories?post=1397"},{"taxonomy":"post_tag","embeddable":true,"href":"https:\/\/www.efppsuomi.fi\/index.php\/wp-json\/wp\/v2\/tags?post=1397"}],"curies":[{"name":"wp","href":"https:\/\/api.w.org\/{rel}","templated":true}]}}