{"id":1581,"date":"2022-09-12T21:29:55","date_gmt":"2022-09-12T19:29:55","guid":{"rendered":"https:\/\/www.efppsuomi.fi\/?p=1581"},"modified":"2023-01-27T00:04:58","modified_gmt":"2023-01-26T22:04:58","slug":"efpp-suomen-kansallinen-verkosto-ryn-kannanotto-koskien-hallituksen-esitysta-eduskunnalle-laeiksi-sosiaalihuoltolain-terveydenhuoltolain-ja-eraiden-muiden-lakien-muuttamisesta","status":"publish","type":"post","link":"https:\/\/www.efppsuomi.fi\/index.php\/2022\/09\/12\/efpp-suomen-kansallinen-verkosto-ryn-kannanotto-koskien-hallituksen-esitysta-eduskunnalle-laeiksi-sosiaalihuoltolain-terveydenhuoltolain-ja-eraiden-muiden-lakien-muuttamisesta\/","title":{"rendered":"Efpp Suomen kansallinen verkosto ry:n kannanotto koskien hallituksen esityst\u00e4 eduskunnalle laeiksi sosiaalihuoltolain, terveydenhuoltolain ja er\u00e4iden muiden lakien muuttamisesta."},"content":{"rendered":"\n<p>Kannanotto on l\u00e4hetetty perhe- ja peruspalveluministeri Krista Kiurulle ja h\u00e4nen sijaiselleen Aki Lind\u00e9nille sek\u00e4 eduskunnan sosiaali- ja terveysvaliokunnalle.<\/p>\n\n\n\n<p><\/p>\n\n\n\n<p><a href=\"https:\/\/www.efppsuomi.fi\/wp-content\/uploads\/2022\/09\/Efpp-Suomi-kannanotto-mielenterveys-ja-paihdepalveluja-koskevan-lainsaadannon-uudistus-19.8.2022-.pdf\">https:\/\/www.efppsuomi.fi\/wp-content\/uploads\/2022\/09\/Efpp-Suomi-kannanotto-mielenterveys-ja-paihdepalveluja-koskevan-lainsaadannon-uudistus-19.8.2022-.pdf<\/a><\/p>\n","protected":false},"excerpt":{"rendered":"<p>Kannanotto on l\u00e4hetetty perhe- ja peruspalveluministeri Krista Kiurulle&#8230;<\/p>\n<div class=\"more-link-wrapper\"><a class=\"more-link\" href=\"https:\/\/www.efppsuomi.fi\/index.php\/2022\/09\/12\/efpp-suomen-kansallinen-verkosto-ryn-kannanotto-koskien-hallituksen-esitysta-eduskunnalle-laeiksi-sosiaalihuoltolain-terveydenhuoltolain-ja-eraiden-muiden-lakien-muuttamisesta\/\">Lue lis\u00e4\u00e4<span class=\"screen-reader-text\">Efpp Suomen kansallinen verkosto ry:n kannanotto koskien hallituksen esityst\u00e4 eduskunnalle laeiksi sosiaalihuoltolain, terveydenhuoltolain ja er\u00e4iden muiden lakien muuttamisesta.<\/span><\/a><\/div>\n","protected":false},"author":1,"featured_media":0,"comment_status":"closed","ping_status":"open","sticky":false,"template":"","format":"standard","meta":{"footnotes":""},"categories":[6],"tags":[],"class_list":["post-1581","post","type-post","status-publish","format-standard","hentry","category-vaikuttaminen","entry"],"_links":{"self":[{"href":"https:\/\/www.efppsuomi.fi\/index.php\/wp-json\/wp\/v2\/posts\/1581","targetHints":{"allow":["GET"]}}],"collection":[{"href":"https:\/\/www.efppsuomi.fi\/index.php\/wp-json\/wp\/v2\/posts"}],"about":[{"href":"https:\/\/www.efppsuomi.fi\/index.php\/wp-json\/wp\/v2\/types\/post"}],"author":[{"embeddable":true,"href":"https:\/\/www.efppsuomi.fi\/index.php\/wp-json\/wp\/v2\/users\/1"}],"replies":[{"embeddable":true,"href":"https:\/\/www.efppsuomi.fi\/index.php\/wp-json\/wp\/v2\/comments?post=1581"}],"version-history":[{"count":4,"href":"https:\/\/www.efppsuomi.fi\/index.php\/wp-json\/wp\/v2\/posts\/1581\/revisions"}],"predecessor-version":[{"id":1588,"href":"https:\/\/www.efppsuomi.fi\/index.php\/wp-json\/wp\/v2\/posts\/1581\/revisions\/1588"}],"wp:attachment":[{"href":"https:\/\/www.efppsuomi.fi\/index.php\/wp-json\/wp\/v2\/media?parent=1581"}],"wp:term":[{"taxonomy":"category","embeddable":true,"href":"https:\/\/www.efppsuomi.fi\/index.php\/wp-json\/wp\/v2\/categories?post=1581"},{"taxonomy":"post_tag","embeddable":true,"href":"https:\/\/www.efppsuomi.fi\/index.php\/wp-json\/wp\/v2\/tags?post=1581"}],"curies":[{"name":"wp","href":"https:\/\/api.w.org\/{rel}","templated":true}]}}