{"id":2353,"date":"2023-10-04T19:50:58","date_gmt":"2023-10-04T17:50:58","guid":{"rendered":"https:\/\/www.efppsuomi.fi\/?p=2353"},"modified":"2023-10-04T19:52:19","modified_gmt":"2023-10-04T17:52:19","slug":"seminaari-hoidollisen-suhteen-merkityksesta-psykoanalyyttisen-ajattelun-soveltamisesta-lastenpsykiatriassa-3-11-2023","status":"publish","type":"post","link":"https:\/\/www.efppsuomi.fi\/index.php\/2023\/10\/04\/seminaari-hoidollisen-suhteen-merkityksesta-psykoanalyyttisen-ajattelun-soveltamisesta-lastenpsykiatriassa-3-11-2023\/","title":{"rendered":"Seminaari: Hoidollisen suhteen merkityksest\u00e4 &#8211; Psykoanalyyttisen ajattelun soveltamisesta lastenpsykiatriassa 3.11.2023"},"content":{"rendered":"\n<p>Suomen Psykoanalyyttisen Yhdistyksen ja Turun yliopiston lastenpsykiatrian tutkimuskeskuksen seminaari: Hoidollisen suhteen merkityksest\u00e4 &#8211; Psykoanalyyttisen ajattelun soveltamisesta lastenpsykiatriassa<\/p>\n\n\n\n<p>Tervetuloa Turun yliopiston Lastenpsykiatrian tutkimuskeskuksen ja Suomen Psykoanalyyttisen Yhdistyksen yhteisty\u00f6ss\u00e4 j\u00e4rjest\u00e4m\u00e4\u00e4n seminaariin, jossa k\u00e4sitell\u00e4\u00e4n psykoanalyyttisen ajattelun soveltamista lastenpsykiatriassa.<\/p>\n\n\n\n<p>Seminaari on tarkoitettu psykiatrian alan ammattilaisille ja psykoterapeuteille, ja se on osa lastenpsykiatriaan erikoistuvien l\u00e4\u00e4k\u00e4rien koulutusta.<\/p>\n\n\n\n<p>Seminaari j\u00e4rjestet\u00e4\u00e4n perjantaina 3.11.2023 klo 9.00 &#8211; 14.15 Turun kauppakorkeakoulussa Elovena-Salissa (Rehtorinpellonkatu 3, Turku).<\/p>\n\n\n\n<p>Ilmoittaudu seminaariin:<br><a rel=\"noreferrer noopener\" target=\"_blank\" href=\"https:\/\/konsta.utu.fi\/Default.aspx?tabid=88&amp;tap=16724\">https:\/\/konsta.utu.fi\/Default.aspx?tabid=88&amp;tap=16724<\/a>&nbsp;[<a rel=\"noreferrer noopener\" target=\"_blank\" href=\"https:\/\/konsta.utu.fi\/Default.aspx?tabid=88&amp;amp;tap=16724\">1<\/a>]<\/p>\n\n\n\n<p>Ohjelma:<\/p>\n\n\n\n<p>9.00 &#8211; 10.30: PsM, lapsipsykoterapeutti, psykoterapeuttikouluttaja Marko Lehtinen<\/p>\n\n\n\n<p>Mit\u00e4 psykoanalyyttinen ajattelu voi antaa suhteessa olemisen<br>merkityksen ymm\u00e4rt\u00e4miselle?<\/p>\n\n\n\n<p>10.45 &#8211; 12.15: LT, dos., psykoanalyytikkokouluttaja Henrik Enckell<\/p>\n\n\n\n<p>Psykoanalyysin\/psykoanalyyttisen psykoterapian kuratiivisista<br>tekij\u00f6ist\u00e4 ja niiden soveltamisesta muussa lastenpsykiatrisessa<br>ty\u00f6ss\u00e4<\/p>\n\n\n\n<p>12.15 &#8211; 13.15: Lounastauko<\/p>\n\n\n\n<p>13.15 &#8211; 14.15: PsM, psykoanalyytikkokouluttaja, lapsi-ja<br>nuorisopsykoanalyytikko Raimo Raappana<\/p>\n\n\n\n<p>Kommenttipuheenvuoro edellisiin esityksiin: Varhaislapsuuden<br>kokemuksista tutkimusten valossa<\/p>\n\n\n\n<p>Links:<br>&#8212;&#8212;<br>[1]&nbsp;<a rel=\"noreferrer noopener\" target=\"_blank\" href=\"https:\/\/konsta.utu.fi\/Default.aspx?tabid=88&amp;amp;tap=16724\">https:\/\/konsta.utu.fi\/Default.aspx?tabid=88&amp;amp;tap=16724<\/a><\/p>\n","protected":false},"excerpt":{"rendered":"<p>Suomen Psykoanalyyttisen Yhdistyksen ja Turun yliopiston lastenpsykiatrian tutkimuskeskuksen&#8230;<\/p>\n<div class=\"more-link-wrapper\"><a class=\"more-link\" href=\"https:\/\/www.efppsuomi.fi\/index.php\/2023\/10\/04\/seminaari-hoidollisen-suhteen-merkityksesta-psykoanalyyttisen-ajattelun-soveltamisesta-lastenpsykiatriassa-3-11-2023\/\">Lue lis\u00e4\u00e4<span class=\"screen-reader-text\">Seminaari: Hoidollisen suhteen merkityksest\u00e4 &#8211; Psykoanalyyttisen ajattelun soveltamisesta lastenpsykiatriassa 3.11.2023<\/span><\/a><\/div>\n","protected":false},"author":1,"featured_media":0,"comment_status":"closed","ping_status":"open","sticky":false,"template":"","format":"standard","meta":{"footnotes":""},"categories":[10],"tags":[],"class_list":["post-2353","post","type-post","status-publish","format-standard","hentry","category-ajankohtaista","entry"],"_links":{"self":[{"href":"https:\/\/www.efppsuomi.fi\/index.php\/wp-json\/wp\/v2\/posts\/2353","targetHints":{"allow":["GET"]}}],"collection":[{"href":"https:\/\/www.efppsuomi.fi\/index.php\/wp-json\/wp\/v2\/posts"}],"about":[{"href":"https:\/\/www.efppsuomi.fi\/index.php\/wp-json\/wp\/v2\/types\/post"}],"author":[{"embeddable":true,"href":"https:\/\/www.efppsuomi.fi\/index.php\/wp-json\/wp\/v2\/users\/1"}],"replies":[{"embeddable":true,"href":"https:\/\/www.efppsuomi.fi\/index.php\/wp-json\/wp\/v2\/comments?post=2353"}],"version-history":[{"count":5,"href":"https:\/\/www.efppsuomi.fi\/index.php\/wp-json\/wp\/v2\/posts\/2353\/revisions"}],"predecessor-version":[{"id":2358,"href":"https:\/\/www.efppsuomi.fi\/index.php\/wp-json\/wp\/v2\/posts\/2353\/revisions\/2358"}],"wp:attachment":[{"href":"https:\/\/www.efppsuomi.fi\/index.php\/wp-json\/wp\/v2\/media?parent=2353"}],"wp:term":[{"taxonomy":"category","embeddable":true,"href":"https:\/\/www.efppsuomi.fi\/index.php\/wp-json\/wp\/v2\/categories?post=2353"},{"taxonomy":"post_tag","embeddable":true,"href":"https:\/\/www.efppsuomi.fi\/index.php\/wp-json\/wp\/v2\/tags?post=2353"}],"curies":[{"name":"wp","href":"https:\/\/api.w.org\/{rel}","templated":true}]}}