{"id":236,"date":"2021-03-18T12:37:00","date_gmt":"2021-03-18T10:37:00","guid":{"rendered":"https:\/\/www.efppsuomi.fi\/?p=236"},"modified":"2023-01-27T00:10:41","modified_gmt":"2023-01-26T22:10:41","slug":"kannanotto-lasten-ja-nuorisopsykoterapeuttikoulutuksen-yhteiskunnallisen-tuen-puolesta-18-3-2021","status":"publish","type":"post","link":"https:\/\/www.efppsuomi.fi\/index.php\/2021\/03\/18\/kannanotto-lasten-ja-nuorisopsykoterapeuttikoulutuksen-yhteiskunnallisen-tuen-puolesta-18-3-2021\/","title":{"rendered":"Kannanotto: Lasten ja nuorisopsykoterapeuttikoulutuksen yhteiskunnallisen tuen puolesta 18.3.2021"},"content":{"rendered":"\n<p>Suomen lasten ja nuorisopsykoterapiayhdistys ry:n ja EFPP Suomen kansallinen verkosto ry:n kannanotto lasten ja nuorisopsykoterapeuttikoulutuksen yhteiskunnallisen tuen puolesta 18.3.2021<br><br>Kannanotto on l\u00e4hetetty tiede- ja kulttuuriministeri Annika Saarikolle,Eduskunnan sivistysvaliokunnan puheenjohtaja Paula Risikolle ja varapuheenjohtaja Eeva-Johanna Elorannalle sek\u00e4 valiokuntaneuvos Kaj Laineelle ja h\u00e4nen kauttaan sivistysvaliokunnan kaikille j\u00e4senille ja varaj\u00e4senille..<\/p>\n\n\n\n<p>Kannanotto linkiss\u00e4:<br><strong>\u00bb&nbsp;<\/strong><a rel=\"noreferrer noopener\" href=\"https:\/\/www.efppsuomi.fi\/wp-content\/uploads\/2021\/11\/EFPP_kannanotto_psyko_yhteiskunnallisen_180321.pdf\" target=\"_blank\">Kannanotto<\/a><br><\/p>\n","protected":false},"excerpt":{"rendered":"<p>Suomen lasten ja nuorisopsykoterapiayhdistys ry:n ja EFPP Suomen&#8230;<\/p>\n<div class=\"more-link-wrapper\"><a class=\"more-link\" href=\"https:\/\/www.efppsuomi.fi\/index.php\/2021\/03\/18\/kannanotto-lasten-ja-nuorisopsykoterapeuttikoulutuksen-yhteiskunnallisen-tuen-puolesta-18-3-2021\/\">Lue lis\u00e4\u00e4<span class=\"screen-reader-text\">Kannanotto: Lasten ja nuorisopsykoterapeuttikoulutuksen yhteiskunnallisen tuen puolesta 18.3.2021<\/span><\/a><\/div>\n","protected":false},"author":1,"featured_media":0,"comment_status":"closed","ping_status":"open","sticky":false,"template":"","format":"standard","meta":{"footnotes":""},"categories":[6],"tags":[],"class_list":["post-236","post","type-post","status-publish","format-standard","hentry","category-vaikuttaminen","entry"],"_links":{"self":[{"href":"https:\/\/www.efppsuomi.fi\/index.php\/wp-json\/wp\/v2\/posts\/236","targetHints":{"allow":["GET"]}}],"collection":[{"href":"https:\/\/www.efppsuomi.fi\/index.php\/wp-json\/wp\/v2\/posts"}],"about":[{"href":"https:\/\/www.efppsuomi.fi\/index.php\/wp-json\/wp\/v2\/types\/post"}],"author":[{"embeddable":true,"href":"https:\/\/www.efppsuomi.fi\/index.php\/wp-json\/wp\/v2\/users\/1"}],"replies":[{"embeddable":true,"href":"https:\/\/www.efppsuomi.fi\/index.php\/wp-json\/wp\/v2\/comments?post=236"}],"version-history":[{"count":5,"href":"https:\/\/www.efppsuomi.fi\/index.php\/wp-json\/wp\/v2\/posts\/236\/revisions"}],"predecessor-version":[{"id":304,"href":"https:\/\/www.efppsuomi.fi\/index.php\/wp-json\/wp\/v2\/posts\/236\/revisions\/304"}],"wp:attachment":[{"href":"https:\/\/www.efppsuomi.fi\/index.php\/wp-json\/wp\/v2\/media?parent=236"}],"wp:term":[{"taxonomy":"category","embeddable":true,"href":"https:\/\/www.efppsuomi.fi\/index.php\/wp-json\/wp\/v2\/categories?post=236"},{"taxonomy":"post_tag","embeddable":true,"href":"https:\/\/www.efppsuomi.fi\/index.php\/wp-json\/wp\/v2\/tags?post=236"}],"curies":[{"name":"wp","href":"https:\/\/api.w.org\/{rel}","templated":true}]}}