{"id":2568,"date":"2023-12-11T19:35:52","date_gmt":"2023-12-11T17:35:52","guid":{"rendered":"https:\/\/www.efppsuomi.fi\/?p=2568"},"modified":"2026-01-05T20:18:15","modified_gmt":"2026-01-05T18:18:15","slug":"psykoterapeuttien-eettiset-keskusteluillat-2023-2024-kestolinkki-zoomiin-alta-loytyvassa-esitteessa","status":"publish","type":"post","link":"https:\/\/www.efppsuomi.fi\/index.php\/2023\/12\/11\/psykoterapeuttien-eettiset-keskusteluillat-2023-2024-kestolinkki-zoomiin-alta-loytyvassa-esitteessa\/","title":{"rendered":"Psykoterapeuttien eettiset keskusteluillat 2023-2024 torstaisin kerran kuussa zoomissa"},"content":{"rendered":"\n<p>EFPP:n Suomen kansallisen verkoston Eettinen ty\u00f6ryhm\u00e4 kutsuu sinut keskusteluiltoihin eettisist\u00e4 kysymyksist\u00e4. Ty\u00f6ryhm\u00e4 jatkaa ty\u00f6t\u00e4\u00e4n yhdess\u00e4 syntyneiden ajatusten ja ideoiden pohjalta.<\/p>\n\n\n\n<p>Iltoja varten valmistellut alustukset l\u00f6ytyv\u00e4t alla olevien linkkien kautta.<\/p>\n\n\n\n<p>Ei ilmoittautumista, tervetuloa mukaan keskustelemaan, kertomaan ajatuksiasi psykoterapiasuuntauksestasi riippumatta!<\/p>\n\n\n\n<p>Kev\u00e4\u00e4n keskusteluillat ovat torstaisin klo 18.00-19.30<br>15.2.,7.3.,18.4. ja 16.5.2024<br><br>Viime kerroilla keskustelua on k\u00e4yty eettisist\u00e4 rikkeist\u00e4, psykoterapian Kanta- kirjaamisen eettisist\u00e4 riskeist\u00e4 ja ongelmista suhteessa psykoterapian olemukseen ja sen ytimeen. <\/p>\n\n\n\n<p>Efpp Suomen Eettinen ty\u00f6ryhm\u00e4:<br>Sanna Aavaluoma<br>Riitta Lindqvist<br>Sirkku Saini<br>Aili Schulman<br><\/p>\n\n\n\n<ul class=\"wp-block-list\">\n<li><strong>EETTISYYS PSYKOTERAPIASSA 24.8.2023:<\/strong><\/li>\n<\/ul>\n\n\n\n<p><a href=\"https:\/\/www.efppsuomi.fi\/wp-content\/uploads\/2024\/02\/Eettisyys-psykoterapiassa.pdf\" target=\"_blank\" rel=\"noreferrer noopener\">Sanna Aavaluoma- Eettisyys psykoterapiassa 24.8.2023.pdf<\/a><\/p>\n\n\n\n<ul class=\"wp-block-list\">\n<li><strong>EETTISYYS POTILAS-PSYKOTERAPEUTTISUHTEESSA 28.9.2023:<\/strong><\/li>\n<\/ul>\n\n\n\n<p><a href=\"https:\/\/www.efppsuomi.fi\/wp-content\/uploads\/2024\/02\/Jaettavaksi-2023.pdf\" target=\"_blank\" rel=\"noreferrer noopener\">Aili Schulman 28.9.2023.pdf<\/a><\/p>\n","protected":false},"excerpt":{"rendered":"<p>EFPP:n Suomen kansallisen verkoston Eettinen ty\u00f6ryhm\u00e4 kutsuu sinut&#8230;<\/p>\n<div class=\"more-link-wrapper\"><a class=\"more-link\" href=\"https:\/\/www.efppsuomi.fi\/index.php\/2023\/12\/11\/psykoterapeuttien-eettiset-keskusteluillat-2023-2024-kestolinkki-zoomiin-alta-loytyvassa-esitteessa\/\">Lue lis\u00e4\u00e4<span class=\"screen-reader-text\">Psykoterapeuttien eettiset keskusteluillat 2023-2024 torstaisin kerran kuussa zoomissa<\/span><\/a><\/div>\n","protected":false},"author":1,"featured_media":0,"comment_status":"closed","ping_status":"open","sticky":false,"template":"","format":"standard","meta":{"footnotes":""},"categories":[10,39],"tags":[],"class_list":["post-2568","post","type-post","status-publish","format-standard","hentry","category-ajankohtaista","category-eettiset-keskusteluillat","entry"],"_links":{"self":[{"href":"https:\/\/www.efppsuomi.fi\/index.php\/wp-json\/wp\/v2\/posts\/2568","targetHints":{"allow":["GET"]}}],"collection":[{"href":"https:\/\/www.efppsuomi.fi\/index.php\/wp-json\/wp\/v2\/posts"}],"about":[{"href":"https:\/\/www.efppsuomi.fi\/index.php\/wp-json\/wp\/v2\/types\/post"}],"author":[{"embeddable":true,"href":"https:\/\/www.efppsuomi.fi\/index.php\/wp-json\/wp\/v2\/users\/1"}],"replies":[{"embeddable":true,"href":"https:\/\/www.efppsuomi.fi\/index.php\/wp-json\/wp\/v2\/comments?post=2568"}],"version-history":[{"count":17,"href":"https:\/\/www.efppsuomi.fi\/index.php\/wp-json\/wp\/v2\/posts\/2568\/revisions"}],"predecessor-version":[{"id":4263,"href":"https:\/\/www.efppsuomi.fi\/index.php\/wp-json\/wp\/v2\/posts\/2568\/revisions\/4263"}],"wp:attachment":[{"href":"https:\/\/www.efppsuomi.fi\/index.php\/wp-json\/wp\/v2\/media?parent=2568"}],"wp:term":[{"taxonomy":"category","embeddable":true,"href":"https:\/\/www.efppsuomi.fi\/index.php\/wp-json\/wp\/v2\/categories?post=2568"},{"taxonomy":"post_tag","embeddable":true,"href":"https:\/\/www.efppsuomi.fi\/index.php\/wp-json\/wp\/v2\/tags?post=2568"}],"curies":[{"name":"wp","href":"https:\/\/api.w.org\/{rel}","templated":true}]}}