{"id":2595,"date":"2024-01-12T12:58:44","date_gmt":"2024-01-12T10:58:44","guid":{"rendered":"https:\/\/www.efppsuomi.fi\/?p=2595"},"modified":"2024-01-13T09:49:21","modified_gmt":"2024-01-13T07:49:21","slug":"lausunto-psykoterapiakirjausten-erityissuojattavuuden-puolesta","status":"publish","type":"post","link":"https:\/\/www.efppsuomi.fi\/index.php\/2024\/01\/12\/lausunto-psykoterapiakirjausten-erityissuojattavuuden-puolesta\/","title":{"rendered":"Lausunto psykoterapiakirjausten erityissuojattavuuden puolesta"},"content":{"rendered":"\n<p>Efpp Suomen Eettinen ty\u00f6ryhm\u00e4 otti kantaa sosiaali- ja terveydenhuollon asiakastietojen k\u00e4sittely\u00e4 koskevassa asetusluonnoksessa kohtaan erityissuojattavuuden laajentamisesta siten, ett\u00e4 se koskisi psykoterapiakirjaamista.  <\/p>\n\n\n\n<p><a href=\"https:\/\/www.efppsuomi.fi\/wp-content\/uploads\/2024\/01\/20240112_Lausunto-Sosiaali-ja-terveysministerion-asetus-sosiaali-ja-terveydenhuollon-asiakastietojen-kasittelysta-2.pdf\" target=\"_blank\" rel=\"noreferrer noopener\">Lausunto potilastietojen erityissuojauksen laajentamiseksi &#8211; Sosiaali- ja terveysministeri\u00f6n asetus sosiaali ja terveydenhuollon asiakastietojen k\u00e4sittelyst\u00e4. pdf<\/a><\/p>\n","protected":false},"excerpt":{"rendered":"<p>Efpp Suomen Eettinen ty\u00f6ryhm\u00e4 otti kantaa sosiaali- ja&#8230;<\/p>\n<div class=\"more-link-wrapper\"><a class=\"more-link\" href=\"https:\/\/www.efppsuomi.fi\/index.php\/2024\/01\/12\/lausunto-psykoterapiakirjausten-erityissuojattavuuden-puolesta\/\">Lue lis\u00e4\u00e4<span class=\"screen-reader-text\">Lausunto psykoterapiakirjausten erityissuojattavuuden puolesta<\/span><\/a><\/div>\n","protected":false},"author":1,"featured_media":0,"comment_status":"closed","ping_status":"open","sticky":false,"template":"","format":"standard","meta":{"footnotes":""},"categories":[6],"tags":[],"class_list":["post-2595","post","type-post","status-publish","format-standard","hentry","category-vaikuttaminen","entry"],"_links":{"self":[{"href":"https:\/\/www.efppsuomi.fi\/index.php\/wp-json\/wp\/v2\/posts\/2595","targetHints":{"allow":["GET"]}}],"collection":[{"href":"https:\/\/www.efppsuomi.fi\/index.php\/wp-json\/wp\/v2\/posts"}],"about":[{"href":"https:\/\/www.efppsuomi.fi\/index.php\/wp-json\/wp\/v2\/types\/post"}],"author":[{"embeddable":true,"href":"https:\/\/www.efppsuomi.fi\/index.php\/wp-json\/wp\/v2\/users\/1"}],"replies":[{"embeddable":true,"href":"https:\/\/www.efppsuomi.fi\/index.php\/wp-json\/wp\/v2\/comments?post=2595"}],"version-history":[{"count":5,"href":"https:\/\/www.efppsuomi.fi\/index.php\/wp-json\/wp\/v2\/posts\/2595\/revisions"}],"predecessor-version":[{"id":2602,"href":"https:\/\/www.efppsuomi.fi\/index.php\/wp-json\/wp\/v2\/posts\/2595\/revisions\/2602"}],"wp:attachment":[{"href":"https:\/\/www.efppsuomi.fi\/index.php\/wp-json\/wp\/v2\/media?parent=2595"}],"wp:term":[{"taxonomy":"category","embeddable":true,"href":"https:\/\/www.efppsuomi.fi\/index.php\/wp-json\/wp\/v2\/categories?post=2595"},{"taxonomy":"post_tag","embeddable":true,"href":"https:\/\/www.efppsuomi.fi\/index.php\/wp-json\/wp\/v2\/tags?post=2595"}],"curies":[{"name":"wp","href":"https:\/\/api.w.org\/{rel}","templated":true}]}}