{"id":267,"date":"2018-08-14T11:59:00","date_gmt":"2018-08-14T09:59:00","guid":{"rendered":"https:\/\/www.efppsuomi.fi\/?p=267"},"modified":"2023-01-27T00:13:11","modified_gmt":"2023-01-26T22:13:11","slug":"kannanotto-efpp-suomen-kansallinen-verkosto-ryn-kannanotto-liittyen-terveydenhuollon-palveluvalikoimaneuvoston-palko-12-6-2018-antamaan-suositusluonnokseen","status":"publish","type":"post","link":"https:\/\/www.efppsuomi.fi\/index.php\/2018\/08\/14\/kannanotto-efpp-suomen-kansallinen-verkosto-ryn-kannanotto-liittyen-terveydenhuollon-palveluvalikoimaneuvoston-palko-12-6-2018-antamaan-suositusluonnokseen\/","title":{"rendered":"Kannanotto: Efpp Suomen kansallinen verkosto ry:n kannanotto liittyen Terveydenhuollon palveluvalikoimaneuvoston (PALKO) 12.6.2018 antamaan suositusluonnokseen"},"content":{"rendered":"\n<p>Efpp Suomen kansallinen verkosto ry:n kannanotto liittyen Terveydenhuollon palveluvalikoimaneuvoston (PALKO) 12.6.2018 antamaan suositusluonnokseen:<br>Psykoterapiat ja muut psykososiaaliset hoito- ja kuntoutusmenetelm\u00e4t mielenterveys- ja p\u00e4ihdeh\u00e4iri\u00f6iden hoidossa<\/p>\n\n\n\n<p>Kannanotto linkiss\u00e4:<br><strong>\u00bb&nbsp;<\/strong><a href=\"https:\/\/www.efppsuomi.fi\/wp-content\/uploads\/2021\/11\/Efpp_palko_14082018.pdf\" target=\"_blank\" rel=\"noreferrer noopener\">Kannanotto<\/a><\/p>\n","protected":false},"excerpt":{"rendered":"<p>Efpp Suomen kansallinen verkosto ry:n kannanotto liittyen Terveydenhuollon&#8230;<\/p>\n<div class=\"more-link-wrapper\"><a class=\"more-link\" href=\"https:\/\/www.efppsuomi.fi\/index.php\/2018\/08\/14\/kannanotto-efpp-suomen-kansallinen-verkosto-ryn-kannanotto-liittyen-terveydenhuollon-palveluvalikoimaneuvoston-palko-12-6-2018-antamaan-suositusluonnokseen\/\">Lue lis\u00e4\u00e4<span class=\"screen-reader-text\">Kannanotto: Efpp Suomen kansallinen verkosto ry:n kannanotto liittyen Terveydenhuollon palveluvalikoimaneuvoston (PALKO) 12.6.2018 antamaan suositusluonnokseen<\/span><\/a><\/div>\n","protected":false},"author":1,"featured_media":0,"comment_status":"closed","ping_status":"open","sticky":false,"template":"","format":"standard","meta":{"footnotes":""},"categories":[6],"tags":[],"class_list":["post-267","post","type-post","status-publish","format-standard","hentry","category-vaikuttaminen","entry"],"_links":{"self":[{"href":"https:\/\/www.efppsuomi.fi\/index.php\/wp-json\/wp\/v2\/posts\/267","targetHints":{"allow":["GET"]}}],"collection":[{"href":"https:\/\/www.efppsuomi.fi\/index.php\/wp-json\/wp\/v2\/posts"}],"about":[{"href":"https:\/\/www.efppsuomi.fi\/index.php\/wp-json\/wp\/v2\/types\/post"}],"author":[{"embeddable":true,"href":"https:\/\/www.efppsuomi.fi\/index.php\/wp-json\/wp\/v2\/users\/1"}],"replies":[{"embeddable":true,"href":"https:\/\/www.efppsuomi.fi\/index.php\/wp-json\/wp\/v2\/comments?post=267"}],"version-history":[{"count":3,"href":"https:\/\/www.efppsuomi.fi\/index.php\/wp-json\/wp\/v2\/posts\/267\/revisions"}],"predecessor-version":[{"id":309,"href":"https:\/\/www.efppsuomi.fi\/index.php\/wp-json\/wp\/v2\/posts\/267\/revisions\/309"}],"wp:attachment":[{"href":"https:\/\/www.efppsuomi.fi\/index.php\/wp-json\/wp\/v2\/media?parent=267"}],"wp:term":[{"taxonomy":"category","embeddable":true,"href":"https:\/\/www.efppsuomi.fi\/index.php\/wp-json\/wp\/v2\/categories?post=267"},{"taxonomy":"post_tag","embeddable":true,"href":"https:\/\/www.efppsuomi.fi\/index.php\/wp-json\/wp\/v2\/tags?post=267"}],"curies":[{"name":"wp","href":"https:\/\/api.w.org\/{rel}","templated":true}]}}