{"id":2854,"date":"2024-05-29T17:58:09","date_gmt":"2024-05-29T15:58:09","guid":{"rendered":"https:\/\/www.efppsuomi.fi\/?p=2854"},"modified":"2024-05-29T18:03:21","modified_gmt":"2024-05-29T16:03:21","slug":"efpp-suomen-kansallinen-verkosto-ryn-kannanotto-kelan-kuntoutuspsykoterapian-turvaamiseksi-ja-kehittamiseksi","status":"publish","type":"post","link":"https:\/\/www.efppsuomi.fi\/index.php\/2024\/05\/29\/efpp-suomen-kansallinen-verkosto-ryn-kannanotto-kelan-kuntoutuspsykoterapian-turvaamiseksi-ja-kehittamiseksi\/","title":{"rendered":"EFPP Suomen kansallinen verkosto ry:n kannanotto Kelan kuntoutuspsykoterapian turvaamiseksi ja kehitt\u00e4miseksi"},"content":{"rendered":"\n<p>Liitteen\u00e4 oleva kannanotto on l\u00e4hetetty Sosiaaliturvaministeri Sanni Grahn-Laasoselle, Sosiaali- ja terveysministeri Kaisa Juusolle, Sosiaali- ja terveysministeri\u00f6n Sosiaaliturva- ja vakuutusosaston osastop\u00e4\u00e4llikk\u00f6 Liisa Siika-aholle sek\u00e4 Sosiaali- ja terveysvaliokunnalle.<\/p>\n\n\n\n<p><a href=\"https:\/\/www.efppsuomi.fi\/wp-content\/uploads\/2024\/05\/Efpp-Suomi-kannanotto-Kelan-kuntoutuspsykoterapia-28.5.2024-1.pdf\" target=\"_blank\" rel=\"noreferrer noopener\">Efpp Suomi kannanotto Kelan kuntoutuspsykoterapia 28.5.2024.pdf<\/a><\/p>\n\n\n\n<p><\/p>\n","protected":false},"excerpt":{"rendered":"<p>Liitteen\u00e4 oleva kannanotto on l\u00e4hetetty Sosiaaliturvaministeri Sanni Grahn-Laasoselle,&#8230;<\/p>\n<div class=\"more-link-wrapper\"><a class=\"more-link\" href=\"https:\/\/www.efppsuomi.fi\/index.php\/2024\/05\/29\/efpp-suomen-kansallinen-verkosto-ryn-kannanotto-kelan-kuntoutuspsykoterapian-turvaamiseksi-ja-kehittamiseksi\/\">Lue lis\u00e4\u00e4<span class=\"screen-reader-text\">EFPP Suomen kansallinen verkosto ry:n kannanotto Kelan kuntoutuspsykoterapian turvaamiseksi ja kehitt\u00e4miseksi<\/span><\/a><\/div>\n","protected":false},"author":1,"featured_media":0,"comment_status":"closed","ping_status":"open","sticky":false,"template":"","format":"standard","meta":{"footnotes":""},"categories":[6],"tags":[],"class_list":["post-2854","post","type-post","status-publish","format-standard","hentry","category-vaikuttaminen","entry"],"_links":{"self":[{"href":"https:\/\/www.efppsuomi.fi\/index.php\/wp-json\/wp\/v2\/posts\/2854","targetHints":{"allow":["GET"]}}],"collection":[{"href":"https:\/\/www.efppsuomi.fi\/index.php\/wp-json\/wp\/v2\/posts"}],"about":[{"href":"https:\/\/www.efppsuomi.fi\/index.php\/wp-json\/wp\/v2\/types\/post"}],"author":[{"embeddable":true,"href":"https:\/\/www.efppsuomi.fi\/index.php\/wp-json\/wp\/v2\/users\/1"}],"replies":[{"embeddable":true,"href":"https:\/\/www.efppsuomi.fi\/index.php\/wp-json\/wp\/v2\/comments?post=2854"}],"version-history":[{"count":3,"href":"https:\/\/www.efppsuomi.fi\/index.php\/wp-json\/wp\/v2\/posts\/2854\/revisions"}],"predecessor-version":[{"id":2859,"href":"https:\/\/www.efppsuomi.fi\/index.php\/wp-json\/wp\/v2\/posts\/2854\/revisions\/2859"}],"wp:attachment":[{"href":"https:\/\/www.efppsuomi.fi\/index.php\/wp-json\/wp\/v2\/media?parent=2854"}],"wp:term":[{"taxonomy":"category","embeddable":true,"href":"https:\/\/www.efppsuomi.fi\/index.php\/wp-json\/wp\/v2\/categories?post=2854"},{"taxonomy":"post_tag","embeddable":true,"href":"https:\/\/www.efppsuomi.fi\/index.php\/wp-json\/wp\/v2\/tags?post=2854"}],"curies":[{"name":"wp","href":"https:\/\/api.w.org\/{rel}","templated":true}]}}