{"id":2924,"date":"2024-09-02T21:29:35","date_gmt":"2024-09-02T19:29:35","guid":{"rendered":"https:\/\/www.efppsuomi.fi\/?p=2924"},"modified":"2024-09-02T21:59:48","modified_gmt":"2024-09-02T19:59:48","slug":"hpy-seminaari-mark-solms-neuropsykoanalyysi-tanaan-teoriaa-ja-kliinista-kaytantoa-23-24-9-2024","status":"publish","type":"post","link":"https:\/\/www.efppsuomi.fi\/index.php\/2024\/09\/02\/hpy-seminaari-mark-solms-neuropsykoanalyysi-tanaan-teoriaa-ja-kliinista-kaytantoa-23-24-9-2024\/","title":{"rendered":"HPY seminaari MARK SOLMS: NEUROPSYKOANALYYSI T\u00c4N\u00c4\u00c4N, TEORIAA JA KLIINIST\u00c4 K\u00c4YT\u00c4NT\u00d6\u00c4 23.-24.9.2024"},"content":{"rendered":"\n<p><strong>Viel\u00e4 ehdit ilmoittautua!<\/strong><\/p>\n\n\n\n<p>Helsingin Psykoterapiayhdistys ry j\u00e4rjest\u00e4\u00e4 seminaarin, jossa professori ja neuropsykoanalyytikko Mark Solms esiintyy teemana <br>Neuropsykoanalyysi t\u00e4n\u00e4\u00e4n, teoriaa ja kliinist\u00e4 k\u00e4yt\u00e4nt\u00f6\u00e4.<br><br>Paikka: Radisson Blu Hotels Seaside, kokoustila Valimo 1-3<br>Ruoholahdenranta 3, Helsinki<\/p>\n\n\n\n<p>Tarkempi ohjelma liitteess\u00e4. Seminaari pidet\u00e4\u00e4n englanniksi. Osallistumismaksu ja ilmoittautumisohjeet Helsingin Psykoterapiayhdistyksen sivuilla <\/p>\n\n\n\n<p><a href=\"http:\/\/helsinginpsykoterapiayhdistys.fi\/\">http:\/\/helsinginpsykoterapiayhdistys.fi\/<\/a><\/p>\n\n\n\n<p>Tervetuloa!<br><\/p>\n\n\n\n<p><a href=\"https:\/\/www.efppsuomi.fi\/wp-content\/uploads\/2024\/09\/MARK-SOLMS-SEMINAARI-23.-24.9.2024-NEUROPSYKOANALYYSI-TANAAN-TEORIAA-JA-KLIINISTA-KAYTANTOA.pdf\">NEUROPSYKOANALYYSI T\u00c4N\u00c4\u00c4N &#8211; TEORIAA JA KLIINIST\u00c4 K\u00c4YT\u00c4NT\u00d6\u00c4.pdf<\/a><\/p>\n","protected":false},"excerpt":{"rendered":"<p>Viel\u00e4 ehdit ilmoittautua! Helsingin Psykoterapiayhdistys ry j\u00e4rjest\u00e4\u00e4 seminaarin,&#8230;<\/p>\n<div class=\"more-link-wrapper\"><a class=\"more-link\" href=\"https:\/\/www.efppsuomi.fi\/index.php\/2024\/09\/02\/hpy-seminaari-mark-solms-neuropsykoanalyysi-tanaan-teoriaa-ja-kliinista-kaytantoa-23-24-9-2024\/\">Lue lis\u00e4\u00e4<span class=\"screen-reader-text\">HPY seminaari MARK SOLMS: NEUROPSYKOANALYYSI T\u00c4N\u00c4\u00c4N, TEORIAA JA KLIINIST\u00c4 K\u00c4YT\u00c4NT\u00d6\u00c4 23.-24.9.2024<\/span><\/a><\/div>\n","protected":false},"author":1,"featured_media":0,"comment_status":"closed","ping_status":"open","sticky":false,"template":"","format":"standard","meta":{"footnotes":""},"categories":[10],"tags":[],"class_list":["post-2924","post","type-post","status-publish","format-standard","hentry","category-ajankohtaista","entry"],"_links":{"self":[{"href":"https:\/\/www.efppsuomi.fi\/index.php\/wp-json\/wp\/v2\/posts\/2924","targetHints":{"allow":["GET"]}}],"collection":[{"href":"https:\/\/www.efppsuomi.fi\/index.php\/wp-json\/wp\/v2\/posts"}],"about":[{"href":"https:\/\/www.efppsuomi.fi\/index.php\/wp-json\/wp\/v2\/types\/post"}],"author":[{"embeddable":true,"href":"https:\/\/www.efppsuomi.fi\/index.php\/wp-json\/wp\/v2\/users\/1"}],"replies":[{"embeddable":true,"href":"https:\/\/www.efppsuomi.fi\/index.php\/wp-json\/wp\/v2\/comments?post=2924"}],"version-history":[{"count":4,"href":"https:\/\/www.efppsuomi.fi\/index.php\/wp-json\/wp\/v2\/posts\/2924\/revisions"}],"predecessor-version":[{"id":2936,"href":"https:\/\/www.efppsuomi.fi\/index.php\/wp-json\/wp\/v2\/posts\/2924\/revisions\/2936"}],"wp:attachment":[{"href":"https:\/\/www.efppsuomi.fi\/index.php\/wp-json\/wp\/v2\/media?parent=2924"}],"wp:term":[{"taxonomy":"category","embeddable":true,"href":"https:\/\/www.efppsuomi.fi\/index.php\/wp-json\/wp\/v2\/categories?post=2924"},{"taxonomy":"post_tag","embeddable":true,"href":"https:\/\/www.efppsuomi.fi\/index.php\/wp-json\/wp\/v2\/tags?post=2924"}],"curies":[{"name":"wp","href":"https:\/\/api.w.org\/{rel}","templated":true}]}}