{"id":2940,"date":"2024-09-04T15:23:21","date_gmt":"2024-09-04T13:23:21","guid":{"rendered":"https:\/\/www.efppsuomi.fi\/?p=2940"},"modified":"2024-10-20T20:47:25","modified_gmt":"2024-10-20T18:47:25","slug":"therapeia-saation-ja-suomen-ryhmapsykoterapia-ryn-seminaari-15-16-11-2024-tuntemattoman-tunne-mika-psykoanalyyttisessa-tyossa-kiehtoo","status":"publish","type":"post","link":"https:\/\/www.efppsuomi.fi\/index.php\/2024\/09\/04\/therapeia-saation-ja-suomen-ryhmapsykoterapia-ryn-seminaari-15-16-11-2024-tuntemattoman-tunne-mika-psykoanalyyttisessa-tyossa-kiehtoo\/","title":{"rendered":"Therapeia-s\u00e4\u00e4ti\u00f6n ja Suomen ryhm\u00e4psykoterapia ry:n seminaari &amp; Esko Klemel\u00e4n 80-vuotisjuhlaseminaari 15.-16.11.2024 TUNTEMATTOMAN TUNNE Mik\u00e4 psykoanalyyttisessa ty\u00f6ss\u00e4 kiehtoo?"},"content":{"rendered":"\n<p class=\"wp-block-paragraph\">Paikka: Hotelli Nuuksio Espoo<\/p>\n\n\n\n<p class=\"wp-block-paragraph\">Seminaarin suunnitteluun on vaikuttanut Wilfred R. Bionin psykoanalyyttinen ajattelu ja menetelm\u00e4llinen tyyli. Seminaari koostuu kokonaan tapauskertomuksista, koska jokainen osanottaja on oma tapauksensa. Jokainen on yksil\u00f6 mutta samalla ryhm\u00e4n j\u00e4sen, mik\u00e4 ei ole koskaan ristiriidatonta. Seminaari sis\u00e4lt\u00e4\u00e4 ryhm\u00e4keskeist\u00e4 vuorovaikutusta, sanallisia ja kuvallisia alustuksia sek\u00e4 juhlaillallisen musiikin kera.<br><br>My\u00f6s elokuvan ja alustuspuheenvuorojen muodossa tarjotaan virikkeit\u00e4, kun l\u00e4hestymme psykoanalyysin perustaa, tuntematonta, jolle Bion antoi nimen O. Seminaarin toteuttavat Therapeia-s\u00e4\u00e4ti\u00f6 ja Suomen ryhm\u00e4psykoterapia ry, joiden piiriss\u00e4 Esko Klemel\u00e4 on puuhaillut nelisenkymment\u00e4 vuotta.<br><br>Seminaarin yhten\u00e4 ideana on olla yhdess\u00e4 kaksi p\u00e4iv\u00e4\u00e4 samalla kokoonpanolla. Aina on syyt\u00e4 j\u00e4tt\u00e4\u00e4 tilaa my\u00f6s ilolle ja vapaalle seurustelulle. Ehk\u00e4 seminaarin idea l\u00f6ytyy nykykokemuksistamme tai muistoistamme tulevaisuudesta, jos voimme ty\u00f6skennell\u00e4  psykoanalyyttisesti, viipyilev\u00e4sti vailla muistia ja halua.<\/p>\n\n\n\n<p class=\"wp-block-paragraph\"><br>Tarkempaa tietoa seminaarista liitteess\u00e4.<\/p>\n\n\n\n<p class=\"wp-block-paragraph\"><a href=\"https:\/\/www.efppsuomi.fi\/wp-content\/uploads\/2024\/10\/Bion-seminaari-OHJELMA-Lopullinen-1.10.2024.pdf\" target=\"_blank\" rel=\"noreferrer noopener\">Bion seminaari OHJELMA p\u00e4ivitetty 1.10.2024.pdf<\/a><\/p>\n","protected":false},"excerpt":{"rendered":"<p>Paikka: Hotelli Nuuksio Espoo Seminaarin suunnitteluun on vaikuttanut&#8230;<\/p>\n<div class=\"more-link-wrapper\"><a class=\"more-link\" href=\"https:\/\/www.efppsuomi.fi\/index.php\/2024\/09\/04\/therapeia-saation-ja-suomen-ryhmapsykoterapia-ryn-seminaari-15-16-11-2024-tuntemattoman-tunne-mika-psykoanalyyttisessa-tyossa-kiehtoo\/\">Lue lis\u00e4\u00e4<span class=\"screen-reader-text\">Therapeia-s\u00e4\u00e4ti\u00f6n ja Suomen ryhm\u00e4psykoterapia ry:n seminaari &amp; Esko Klemel\u00e4n 80-vuotisjuhlaseminaari 15.-16.11.2024 TUNTEMATTOMAN TUNNE Mik\u00e4 psykoanalyyttisessa ty\u00f6ss\u00e4 kiehtoo?<\/span><\/a><\/div>\n","protected":false},"author":1,"featured_media":0,"comment_status":"closed","ping_status":"open","sticky":false,"template":"","format":"standard","meta":{"footnotes":""},"categories":[10],"tags":[],"class_list":["post-2940","post","type-post","status-publish","format-standard","hentry","category-ajankohtaista","entry"],"_links":{"self":[{"href":"https:\/\/www.efppsuomi.fi\/index.php\/wp-json\/wp\/v2\/posts\/2940","targetHints":{"allow":["GET"]}}],"collection":[{"href":"https:\/\/www.efppsuomi.fi\/index.php\/wp-json\/wp\/v2\/posts"}],"about":[{"href":"https:\/\/www.efppsuomi.fi\/index.php\/wp-json\/wp\/v2\/types\/post"}],"author":[{"embeddable":true,"href":"https:\/\/www.efppsuomi.fi\/index.php\/wp-json\/wp\/v2\/users\/1"}],"replies":[{"embeddable":true,"href":"https:\/\/www.efppsuomi.fi\/index.php\/wp-json\/wp\/v2\/comments?post=2940"}],"version-history":[{"count":5,"href":"https:\/\/www.efppsuomi.fi\/index.php\/wp-json\/wp\/v2\/posts\/2940\/revisions"}],"predecessor-version":[{"id":3029,"href":"https:\/\/www.efppsuomi.fi\/index.php\/wp-json\/wp\/v2\/posts\/2940\/revisions\/3029"}],"wp:attachment":[{"href":"https:\/\/www.efppsuomi.fi\/index.php\/wp-json\/wp\/v2\/media?parent=2940"}],"wp:term":[{"taxonomy":"category","embeddable":true,"href":"https:\/\/www.efppsuomi.fi\/index.php\/wp-json\/wp\/v2\/categories?post=2940"},{"taxonomy":"post_tag","embeddable":true,"href":"https:\/\/www.efppsuomi.fi\/index.php\/wp-json\/wp\/v2\/tags?post=2940"}],"curies":[{"name":"wp","href":"https:\/\/api.w.org\/{rel}","templated":true}]}}