{"id":3432,"date":"2024-12-19T15:58:47","date_gmt":"2024-12-19T13:58:47","guid":{"rendered":"https:\/\/www.efppsuomi.fi\/?p=3432"},"modified":"2026-01-05T20:14:00","modified_gmt":"2026-01-05T18:14:00","slug":"eettiset-keskusteluillat-psykoterapeuteille-zoomissa-kevaalla-2025","status":"publish","type":"post","link":"https:\/\/www.efppsuomi.fi\/index.php\/2024\/12\/19\/eettiset-keskusteluillat-psykoterapeuteille-zoomissa-kevaalla-2025\/","title":{"rendered":"Eettiset keskusteluillat psykoterapeuteille Zoomissa kev\u00e4\u00e4ll\u00e4 2025"},"content":{"rendered":"\n<p>Eettiset keskusteluillat psykoterapiaan liittyvist\u00e4 eettisesti pohdituttavista teemoista jatkuvat kev\u00e4\u00e4ll\u00e4 2025 kerran kuussa torstaisin klo 19.00-20.15 zoomissa seuraavasti:<\/p>\n\n\n\n<p>6.2., 6.3., 3.4. ja 8.5.<\/p>\n\n\n\n<p>Ei ilmoittautumista, tervetuloa mukaan keskustelemaan, kertomaan ajatuksiasi psykoterapiasuuntauksestasi riippumatta!<\/p>\n\n\n\n<p><\/p>\n","protected":false},"excerpt":{"rendered":"<p>Eettiset keskusteluillat psykoterapiaan liittyvist\u00e4 eettisesti pohdituttavista teemoista jatkuvat&#8230;<\/p>\n<div class=\"more-link-wrapper\"><a class=\"more-link\" href=\"https:\/\/www.efppsuomi.fi\/index.php\/2024\/12\/19\/eettiset-keskusteluillat-psykoterapeuteille-zoomissa-kevaalla-2025\/\">Lue lis\u00e4\u00e4<span class=\"screen-reader-text\">Eettiset keskusteluillat psykoterapeuteille Zoomissa kev\u00e4\u00e4ll\u00e4 2025<\/span><\/a><\/div>\n","protected":false},"author":1,"featured_media":0,"comment_status":"closed","ping_status":"open","sticky":false,"template":"","format":"standard","meta":{"footnotes":""},"categories":[10,39],"tags":[],"class_list":["post-3432","post","type-post","status-publish","format-standard","hentry","category-ajankohtaista","category-eettiset-keskusteluillat","entry"],"_links":{"self":[{"href":"https:\/\/www.efppsuomi.fi\/index.php\/wp-json\/wp\/v2\/posts\/3432","targetHints":{"allow":["GET"]}}],"collection":[{"href":"https:\/\/www.efppsuomi.fi\/index.php\/wp-json\/wp\/v2\/posts"}],"about":[{"href":"https:\/\/www.efppsuomi.fi\/index.php\/wp-json\/wp\/v2\/types\/post"}],"author":[{"embeddable":true,"href":"https:\/\/www.efppsuomi.fi\/index.php\/wp-json\/wp\/v2\/users\/1"}],"replies":[{"embeddable":true,"href":"https:\/\/www.efppsuomi.fi\/index.php\/wp-json\/wp\/v2\/comments?post=3432"}],"version-history":[{"count":2,"href":"https:\/\/www.efppsuomi.fi\/index.php\/wp-json\/wp\/v2\/posts\/3432\/revisions"}],"predecessor-version":[{"id":4260,"href":"https:\/\/www.efppsuomi.fi\/index.php\/wp-json\/wp\/v2\/posts\/3432\/revisions\/4260"}],"wp:attachment":[{"href":"https:\/\/www.efppsuomi.fi\/index.php\/wp-json\/wp\/v2\/media?parent=3432"}],"wp:term":[{"taxonomy":"category","embeddable":true,"href":"https:\/\/www.efppsuomi.fi\/index.php\/wp-json\/wp\/v2\/categories?post=3432"},{"taxonomy":"post_tag","embeddable":true,"href":"https:\/\/www.efppsuomi.fi\/index.php\/wp-json\/wp\/v2\/tags?post=3432"}],"curies":[{"name":"wp","href":"https:\/\/api.w.org\/{rel}","templated":true}]}}