{"id":3528,"date":"2025-02-28T12:16:16","date_gmt":"2025-02-28T10:16:16","guid":{"rendered":"https:\/\/www.efppsuomi.fi\/?p=3528"},"modified":"2025-06-06T20:15:34","modified_gmt":"2025-06-06T18:15:34","slug":"psykoanalyyttisen-paripsykoterapian-taydennyskoulutus-2025-2026","status":"publish","type":"post","link":"https:\/\/www.efppsuomi.fi\/index.php\/2025\/02\/28\/psykoanalyyttisen-paripsykoterapian-taydennyskoulutus-2025-2026\/","title":{"rendered":"Therapeia-s\u00e4\u00e4ti\u00f6n Koulutuskeskus PSYKOANALYYTTISEN PARIPSYKOTERAPIAN T\u00c4YDENNYSKOULUTUS (2025-2026)"},"content":{"rendered":"\n<p>Therapeia-s\u00e4\u00e4ti\u00f6n Koulutuskeskus j\u00e4rjest\u00e4\u00e4 ajalla 22.8.2025 &#8211; 20.11.2026 1,5 vuotisen psykoanalyyttisen paripsykoterapian t\u00e4ydennyskoulutuksen psykoterapeuteille. Koulutukseen valittavilla tulee olla psykoterapeutin p\u00e4tevyys tai vastaava koulutus. Koulutus antaa v\u00e4lineit\u00e4 ymm\u00e4rt\u00e4\u00e4 ja kohdata psykoterapiaprosessissa esiin tulevia parisuhdekysymyksi\u00e4 yksil\u00f6- pari- ja perhe, ryhm\u00e4- sek\u00e4 lasten ja nuorisopsykoterapeuteille.<\/p>\n\n\n\n<p>Tarkempi ohjelma ja ilmoittautumisohjeet:<\/p>\n\n\n\n<p><a href=\"https:\/\/www.efppsuomi.fi\/wp-content\/uploads\/2025\/02\/TK-Paripsykoterapia-2025-2026-OHJELMA-Final.pdf\" target=\"_blank\" rel=\"noreferrer noopener\">TK Paripsykoterapia 2025-2026 OHJELMA Final.pdf<\/a><\/p>\n\n\n\n<p><br><a href=\"https:\/\/www.therapeia-saatio.fi\/psykoterapeuttien_t%C3%A4ydennyskoulutus\/psykoanalyyttisen_paripsykoterapian_t%C3%A4ydennyskoulutus_2025-2026\/\" target=\"_blank\" rel=\"noreferrer noopener\">https:\/\/www.therapeia-saatio.fi\/psykoterapeuttien_t%C3%A4ydennyskoulutus\/psykoanalyyttisen_paripsykoterapian_t%C3%A4ydennyskoulutus_2025-2026\/<\/a><br>[<a href=\"https:\/\/www.therapeia-saatio.fi\/psykoterapeuttien_t%C3%A4ydennyskoulutus\/psykoanalyyttisen_paripsykoterapian_t%C3%A4ydennyskoulutus_2025-2026\/\" target=\"_blank\" rel=\"noreferrer noopener\">1<\/a>]<\/p>\n\n\n\n<p>Yst\u00e4v\u00e4llisin terveisin,<\/p>\n\n\n\n<p>Maria Stalter<\/p>\n\n\n\n<p>Toiminnanjohtaja<\/p>\n\n\n\n<p>Therapeia-s\u00e4\u00e4ti\u00f6<\/p>\n\n\n\n<p>Topeliuksenkatu 15 A 1<\/p>\n\n\n\n<p>00250 Helsinki<\/p>\n\n\n\n<p>+358 (0)9 492 818 \/ +358 (0)50 554 2661<\/p>\n\n\n\n<p><a rel=\"noreferrer noopener\" target=\"_blank\" href=\"http:\/\/www.therapeia-saatio.fi\/\">www.therapeia-saatio.fi<\/a>&nbsp;[<a rel=\"noreferrer noopener\" target=\"_blank\" href=\"http:\/\/www.therapeia-saatio.fi\/\">2<\/a>]<\/p>\n\n\n\n<p>Links:<br>&#8212;&#8212;<br>[1]&nbsp;<a rel=\"noreferrer noopener\" target=\"_blank\" href=\"https:\/\/www.therapeia-saatio.fi\/psykoterapeuttien_t%C3%A4ydennyskoulutus\/psykoanalyyttisen_paripsykoterapian_t%C3%A4ydennyskoulutus_2025-2026\/\">https:\/\/www.therapeia-saatio.fi\/psykoterapeuttien_t%C3%A4ydennyskoulutus\/psykoanalyyttisen_paripsykoterapian_t%C3%A4ydennyskoulutus_2025-2026\/<\/a><br>[2]&nbsp;<a rel=\"noreferrer noopener\" target=\"_blank\" href=\"http:\/\/www.therapeia-saatio.fi\/\">http:\/\/www.therapeia-saatio.fi<\/a><\/p>\n\n\n\n<p><\/p>\n\n\n\n<p><\/p>\n","protected":false},"excerpt":{"rendered":"<p>Therapeia-s\u00e4\u00e4ti\u00f6n Koulutuskeskus j\u00e4rjest\u00e4\u00e4 ajalla 22.8.2025 &#8211; 20.11.2026 1,5&#8230;<\/p>\n<div class=\"more-link-wrapper\"><a class=\"more-link\" href=\"https:\/\/www.efppsuomi.fi\/index.php\/2025\/02\/28\/psykoanalyyttisen-paripsykoterapian-taydennyskoulutus-2025-2026\/\">Lue lis\u00e4\u00e4<span class=\"screen-reader-text\">Therapeia-s\u00e4\u00e4ti\u00f6n Koulutuskeskus PSYKOANALYYTTISEN PARIPSYKOTERAPIAN T\u00c4YDENNYSKOULUTUS (2025-2026)<\/span><\/a><\/div>\n","protected":false},"author":1,"featured_media":0,"comment_status":"closed","ping_status":"open","sticky":false,"template":"","format":"standard","meta":{"footnotes":""},"categories":[10,15],"tags":[],"class_list":["post-3528","post","type-post","status-publish","format-standard","hentry","category-ajankohtaista","category-tapahtumat","entry"],"_links":{"self":[{"href":"https:\/\/www.efppsuomi.fi\/index.php\/wp-json\/wp\/v2\/posts\/3528","targetHints":{"allow":["GET"]}}],"collection":[{"href":"https:\/\/www.efppsuomi.fi\/index.php\/wp-json\/wp\/v2\/posts"}],"about":[{"href":"https:\/\/www.efppsuomi.fi\/index.php\/wp-json\/wp\/v2\/types\/post"}],"author":[{"embeddable":true,"href":"https:\/\/www.efppsuomi.fi\/index.php\/wp-json\/wp\/v2\/users\/1"}],"replies":[{"embeddable":true,"href":"https:\/\/www.efppsuomi.fi\/index.php\/wp-json\/wp\/v2\/comments?post=3528"}],"version-history":[{"count":3,"href":"https:\/\/www.efppsuomi.fi\/index.php\/wp-json\/wp\/v2\/posts\/3528\/revisions"}],"predecessor-version":[{"id":3531,"href":"https:\/\/www.efppsuomi.fi\/index.php\/wp-json\/wp\/v2\/posts\/3528\/revisions\/3531"}],"wp:attachment":[{"href":"https:\/\/www.efppsuomi.fi\/index.php\/wp-json\/wp\/v2\/media?parent=3528"}],"wp:term":[{"taxonomy":"category","embeddable":true,"href":"https:\/\/www.efppsuomi.fi\/index.php\/wp-json\/wp\/v2\/categories?post=3528"},{"taxonomy":"post_tag","embeddable":true,"href":"https:\/\/www.efppsuomi.fi\/index.php\/wp-json\/wp\/v2\/tags?post=3528"}],"curies":[{"name":"wp","href":"https:\/\/api.w.org\/{rel}","templated":true}]}}