{"id":3556,"date":"2025-03-10T20:17:00","date_gmt":"2025-03-10T18:17:00","guid":{"rendered":"https:\/\/www.efppsuomi.fi\/?p=3556"},"modified":"2025-03-10T20:17:00","modified_gmt":"2025-03-10T18:17:00","slug":"ita-suomen-psykoterapiayhdistys-workshop-mentalisaatioterapia-teoriasta-kliiniseen-hoitokaytantoon-5-4-2025","status":"publish","type":"post","link":"https:\/\/www.efppsuomi.fi\/index.php\/2025\/03\/10\/ita-suomen-psykoterapiayhdistys-workshop-mentalisaatioterapia-teoriasta-kliiniseen-hoitokaytantoon-5-4-2025\/","title":{"rendered":"It\u00e4-Suomen psykoterapiayhdistys: Workshop Mentalisaatioterapia-Teoriasta kliiniseen hoitok\u00e4yt\u00e4nt\u00f6\u00f6n 5.4.2025"},"content":{"rendered":"\n<p>It\u00e4-Suomen psykoterapiayhdistys j\u00e4rjest\u00e4\u00e4 koulutuksen mentalisaatioterapiasta la 5.4.2025 klo 9.30 &#8211; 15.30.<\/p>\n\n\n\n<p>Paikka: Kuopion Musiikkikeskus, Auditorio, Kuopionlahdenkatu 23<\/p>\n\n\n\n<p>Kouluttaja: Matti Kein\u00e4nen, psykiatrian (TY) ja kliinisen psykologian (JY) dosentti, psykoterapiakouluttaja VET, Accredited MBT-practitioner (British Psychoanalytic Council), Accredited MBT-supervisor (Anna Freud Centre, London)<\/p>\n\n\n\n<p>Ilmoittautuminen 5.4.2025 Workshop: Mentalisaatioterapia -teoriasta kliiniseen hoitok\u00e4yt\u00e4nt\u00f6\u00f6n | It\u00e4-Suomen psykoterapiayhdistys [<a href=\"https:\/\/ispy.fi\/tapahtumat\/5-4-2025-workshop-mentalisaatioterapia-teoriasta-kliiniseen-hoitokaytantoon\/\" target=\"_blank\" rel=\"noreferrer noopener\">1<\/a>]<\/p>\n\n\n\n<p>Tarkempi ohjelma ks. liite<\/p>\n\n\n\n<p><a href=\"https:\/\/www.efppsuomi.fi\/wp-content\/uploads\/2025\/03\/mentalisaatioesite.pdf\" target=\"_blank\" rel=\"noreferrer noopener\">mentalisaatioesite.pdf<\/a><\/p>\n\n\n\n<p>Links:<br>&#8212;&#8212;<br>[1]&nbsp;<a rel=\"noreferrer noopener\" target=\"_blank\" href=\"https:\/\/ispy.fi\/tapahtumat\/5-4-2025-workshop-mentalisaatioterapia-teoriasta-kliiniseen-hoitokaytantoon\/\">https:\/\/ispy.fi\/tapahtumat\/5-4-2025-workshop-mentalisaatioterapia-teoriasta-kliiniseen-hoitokaytantoon\/<\/a><\/p>\n\n\n\n<p><\/p>\n","protected":false},"excerpt":{"rendered":"<p>It\u00e4-Suomen psykoterapiayhdistys j\u00e4rjest\u00e4\u00e4 koulutuksen mentalisaatioterapiasta la 5.4.2025 klo&#8230;<\/p>\n<div class=\"more-link-wrapper\"><a class=\"more-link\" href=\"https:\/\/www.efppsuomi.fi\/index.php\/2025\/03\/10\/ita-suomen-psykoterapiayhdistys-workshop-mentalisaatioterapia-teoriasta-kliiniseen-hoitokaytantoon-5-4-2025\/\">Lue lis\u00e4\u00e4<span class=\"screen-reader-text\">It\u00e4-Suomen psykoterapiayhdistys: Workshop Mentalisaatioterapia-Teoriasta kliiniseen hoitok\u00e4yt\u00e4nt\u00f6\u00f6n 5.4.2025<\/span><\/a><\/div>\n","protected":false},"author":1,"featured_media":0,"comment_status":"closed","ping_status":"open","sticky":false,"template":"","format":"standard","meta":{"footnotes":""},"categories":[10,15],"tags":[],"class_list":["post-3556","post","type-post","status-publish","format-standard","hentry","category-ajankohtaista","category-tapahtumat","entry"],"_links":{"self":[{"href":"https:\/\/www.efppsuomi.fi\/index.php\/wp-json\/wp\/v2\/posts\/3556","targetHints":{"allow":["GET"]}}],"collection":[{"href":"https:\/\/www.efppsuomi.fi\/index.php\/wp-json\/wp\/v2\/posts"}],"about":[{"href":"https:\/\/www.efppsuomi.fi\/index.php\/wp-json\/wp\/v2\/types\/post"}],"author":[{"embeddable":true,"href":"https:\/\/www.efppsuomi.fi\/index.php\/wp-json\/wp\/v2\/users\/1"}],"replies":[{"embeddable":true,"href":"https:\/\/www.efppsuomi.fi\/index.php\/wp-json\/wp\/v2\/comments?post=3556"}],"version-history":[{"count":1,"href":"https:\/\/www.efppsuomi.fi\/index.php\/wp-json\/wp\/v2\/posts\/3556\/revisions"}],"predecessor-version":[{"id":3557,"href":"https:\/\/www.efppsuomi.fi\/index.php\/wp-json\/wp\/v2\/posts\/3556\/revisions\/3557"}],"wp:attachment":[{"href":"https:\/\/www.efppsuomi.fi\/index.php\/wp-json\/wp\/v2\/media?parent=3556"}],"wp:term":[{"taxonomy":"category","embeddable":true,"href":"https:\/\/www.efppsuomi.fi\/index.php\/wp-json\/wp\/v2\/categories?post=3556"},{"taxonomy":"post_tag","embeddable":true,"href":"https:\/\/www.efppsuomi.fi\/index.php\/wp-json\/wp\/v2\/tags?post=3556"}],"curies":[{"name":"wp","href":"https:\/\/api.w.org\/{rel}","templated":true}]}}