{"id":360,"date":"2020-10-09T13:46:00","date_gmt":"2020-10-09T11:46:00","guid":{"rendered":"https:\/\/www.efppsuomi.fi\/?p=360"},"modified":"2023-01-26T22:55:56","modified_gmt":"2023-01-26T20:55:56","slug":"seminaari-matti-brummerin-muistoseminaari-9-10-2020","status":"publish","type":"post","link":"https:\/\/www.efppsuomi.fi\/index.php\/2020\/10\/09\/seminaari-matti-brummerin-muistoseminaari-9-10-2020\/","title":{"rendered":"Seminaari: MATTI BRUMMERIN MUISTOSEMINAARI 9.10.2020"},"content":{"rendered":"\n<p><strong>Efpp Suomen kansallinen verkosto ry j\u00e4rjest\u00e4\u00e4<br>MATTI BRUMMERIN MUISTOSEMINAARI 9.10.2020<\/strong><\/p>\n\n\n\n<p>Psykiatriakeskus V\u00e4lsk\u00e4rinkatu 12 Helsinki, Auditorium Christian Sibelius<\/p>\n\n\n\n<p>Klo 12.00-12.15 Tervetuliaissanat<br>Klo 12.15 -13.00 Psykoterapia ja ihmiskuva t\u00e4ss\u00e4 ajassa &#8211; Johannes Lehtonen, LKT, professori emeritus, psykoanalyytikko<br>Klo 13.00-13.45 Usko ja psykoterapeuttinen prosessi &#8211; Henrik Enckell, LT, psykoanalyytikko<br>Klo 13.45-14.15 Kahvitarjoilu<br>Klo 14.15-15.00 Ajatuksia hirvi\u00f6ist\u00e4 &#8211; Christel Airas, FM, koulututtajapsykoanalyytikko, lapsi ja nuorisopsykoanalyytikko<br>Klo 15.00-15.45 L\u00f6yd\u00e4 tie lapsen luo &#8211; Liisa Roine-Reinikka, ft, koulutuslastenpsykoterapeutti, perheterapeutti<br>Klo 15.45-16.00 P\u00e4\u00e4t\u00f6ssanat<\/p>\n\n\n\n<p>Hinta 30 \u20ac. Ilmoittautuminen 2.10.2020 menness\u00e4 linkiss\u00e4<\/p>\n\n\n\n<p>Koronavirusepidemian vuoksi osallistujam\u00e4\u00e4r\u00e4 rajataan 50 henkil\u00f6\u00f6n, jotta voimme varmistaa turvav\u00e4lit. Osallistujille annetaan tilaisuudessa kertak\u00e4ytt\u00f6iset kasvomaskit tilaisuuden alussa ja kahvin j\u00e4lkeen. Huolehdimme kaikki k\u00e4sihygieniasta<\/p>\n\n\n\n<p><strong>\u00bb\u00a0<\/strong><a rel=\"noreferrer noopener\" href=\"http:\/\/www.efpp-finland.org\/test\/booking\/booking.php\" target=\"_blank\">Ilmoittautuminen<\/a>\u00a0Mik\u00e4li ilmoittautuminen ei onnistu linkin kautta, ilmoittaudu<br>s-postiin taru.kaivola@gmail.com<br>Ilmoita seuraavat tiedot: Nimi\/S\u00e4hk\u00f6posti\/J\u00e4senyhdistys\/Erityisruokavalio\/MAKSAJA mik\u00e4li osallistumismaksun maksaja on eri kuin osallistuja.<br>Viestikentt\u00e4\u00e4n Seminaari 9.10.2020.<br>Ilmoittautuminen edellytt\u00e4\u00e4 my\u00f6s osallistumismaksun maksamista 2.10.2020<br>menness\u00e4 EFPP Suomen kansallinen verkosto ry:n tilille FI37 1014 3000 2084 50.<br><strong>\u00bb<\/strong><a href=\"https:\/\/www.efppsuomi.fi\/wp-content\/uploads\/2021\/11\/MattiBrummer_Muistoseminaari09102020x.pdf\" target=\"_blank\" rel=\"noreferrer noopener\">Ohjelma<\/a><\/p>\n","protected":false},"excerpt":{"rendered":"<p>Efpp Suomen kansallinen verkosto ry j\u00e4rjest\u00e4\u00e4MATTI BRUMMERIN MUISTOSEMINAARI&#8230;<\/p>\n<div class=\"more-link-wrapper\"><a class=\"more-link\" href=\"https:\/\/www.efppsuomi.fi\/index.php\/2020\/10\/09\/seminaari-matti-brummerin-muistoseminaari-9-10-2020\/\">Lue lis\u00e4\u00e4<span class=\"screen-reader-text\">Seminaari: MATTI BRUMMERIN MUISTOSEMINAARI 9.10.2020<\/span><\/a><\/div>\n","protected":false},"author":1,"featured_media":0,"comment_status":"closed","ping_status":"open","sticky":false,"template":"","format":"standard","meta":{"footnotes":""},"categories":[10],"tags":[],"class_list":["post-360","post","type-post","status-publish","format-standard","hentry","category-ajankohtaista","entry"],"_links":{"self":[{"href":"https:\/\/www.efppsuomi.fi\/index.php\/wp-json\/wp\/v2\/posts\/360","targetHints":{"allow":["GET"]}}],"collection":[{"href":"https:\/\/www.efppsuomi.fi\/index.php\/wp-json\/wp\/v2\/posts"}],"about":[{"href":"https:\/\/www.efppsuomi.fi\/index.php\/wp-json\/wp\/v2\/types\/post"}],"author":[{"embeddable":true,"href":"https:\/\/www.efppsuomi.fi\/index.php\/wp-json\/wp\/v2\/users\/1"}],"replies":[{"embeddable":true,"href":"https:\/\/www.efppsuomi.fi\/index.php\/wp-json\/wp\/v2\/comments?post=360"}],"version-history":[{"count":2,"href":"https:\/\/www.efppsuomi.fi\/index.php\/wp-json\/wp\/v2\/posts\/360\/revisions"}],"predecessor-version":[{"id":363,"href":"https:\/\/www.efppsuomi.fi\/index.php\/wp-json\/wp\/v2\/posts\/360\/revisions\/363"}],"wp:attachment":[{"href":"https:\/\/www.efppsuomi.fi\/index.php\/wp-json\/wp\/v2\/media?parent=360"}],"wp:term":[{"taxonomy":"category","embeddable":true,"href":"https:\/\/www.efppsuomi.fi\/index.php\/wp-json\/wp\/v2\/categories?post=360"},{"taxonomy":"post_tag","embeddable":true,"href":"https:\/\/www.efppsuomi.fi\/index.php\/wp-json\/wp\/v2\/tags?post=360"}],"curies":[{"name":"wp","href":"https:\/\/api.w.org\/{rel}","templated":true}]}}