{"id":3714,"date":"2025-04-26T20:48:12","date_gmt":"2025-04-26T18:48:12","guid":{"rendered":"https:\/\/www.efppsuomi.fi\/?p=3714"},"modified":"2025-04-26T20:48:13","modified_gmt":"2025-04-26T18:48:13","slug":"psykoterapiasaatio-monasterin-aikuisian-psykoterapiatoimikunta-muutoksen-edellytyksista-aikuisialla-3-4-10-2025","status":"publish","type":"post","link":"https:\/\/www.efppsuomi.fi\/index.php\/2025\/04\/26\/psykoterapiasaatio-monasterin-aikuisian-psykoterapiatoimikunta-muutoksen-edellytyksista-aikuisialla-3-4-10-2025\/","title":{"rendered":"Psykoterapias\u00e4\u00e4ti\u00f6 Monasterin aikuisi\u00e4n psykoterapiatoimikunta MUUTOKSEN EDELLYTYKSIST\u00c4 AIKUISI\u00c4LL\u00c4 3. \u2013 4.10.2025"},"content":{"rendered":"\n<p>Psykoterapias\u00e4\u00e4ti\u00f6 Monasterin aikuisi\u00e4n psykoterapiatoimikunnan j\u00e4rjest\u00e4m\u00e4t koulutusp\u00e4iv\u00e4t ovat ensi syksyn\u00e4 3.-4.10.2025 ODL:n Wegelius-salissa (Albertinkatu 16, Oulu) otsikolla Muutoksen edellytyksist\u00e4 aikuisi\u00e4ll\u00e4. Liitteess\u00e4 on lis\u00e4\u00e4 tietoa tarkemmasta ohjelmasta ja ilmoittautumisesta.<\/p>\n\n\n\n<p><a href=\"https:\/\/www.efppsuomi.fi\/wp-content\/uploads\/2025\/04\/Koulutusesite-syksy-2025.pdf\" target=\"_blank\" rel=\"noreferrer noopener\">Koulutusesite syksy 2025.pdf<\/a><\/p>\n\n\n\n<p><\/p>\n","protected":false},"excerpt":{"rendered":"<p>Psykoterapias\u00e4\u00e4ti\u00f6 Monasterin aikuisi\u00e4n psykoterapiatoimikunnan j\u00e4rjest\u00e4m\u00e4t koulutusp\u00e4iv\u00e4t ovat ensi&#8230;<\/p>\n<div class=\"more-link-wrapper\"><a class=\"more-link\" href=\"https:\/\/www.efppsuomi.fi\/index.php\/2025\/04\/26\/psykoterapiasaatio-monasterin-aikuisian-psykoterapiatoimikunta-muutoksen-edellytyksista-aikuisialla-3-4-10-2025\/\">Lue lis\u00e4\u00e4<span class=\"screen-reader-text\">Psykoterapias\u00e4\u00e4ti\u00f6 Monasterin aikuisi\u00e4n psykoterapiatoimikunta MUUTOKSEN EDELLYTYKSIST\u00c4 AIKUISI\u00c4LL\u00c4 3. \u2013 4.10.2025<\/span><\/a><\/div>\n","protected":false},"author":1,"featured_media":0,"comment_status":"closed","ping_status":"open","sticky":false,"template":"","format":"standard","meta":{"footnotes":""},"categories":[10,15],"tags":[],"class_list":["post-3714","post","type-post","status-publish","format-standard","hentry","category-ajankohtaista","category-tapahtumat","entry"],"_links":{"self":[{"href":"https:\/\/www.efppsuomi.fi\/index.php\/wp-json\/wp\/v2\/posts\/3714","targetHints":{"allow":["GET"]}}],"collection":[{"href":"https:\/\/www.efppsuomi.fi\/index.php\/wp-json\/wp\/v2\/posts"}],"about":[{"href":"https:\/\/www.efppsuomi.fi\/index.php\/wp-json\/wp\/v2\/types\/post"}],"author":[{"embeddable":true,"href":"https:\/\/www.efppsuomi.fi\/index.php\/wp-json\/wp\/v2\/users\/1"}],"replies":[{"embeddable":true,"href":"https:\/\/www.efppsuomi.fi\/index.php\/wp-json\/wp\/v2\/comments?post=3714"}],"version-history":[{"count":1,"href":"https:\/\/www.efppsuomi.fi\/index.php\/wp-json\/wp\/v2\/posts\/3714\/revisions"}],"predecessor-version":[{"id":3715,"href":"https:\/\/www.efppsuomi.fi\/index.php\/wp-json\/wp\/v2\/posts\/3714\/revisions\/3715"}],"wp:attachment":[{"href":"https:\/\/www.efppsuomi.fi\/index.php\/wp-json\/wp\/v2\/media?parent=3714"}],"wp:term":[{"taxonomy":"category","embeddable":true,"href":"https:\/\/www.efppsuomi.fi\/index.php\/wp-json\/wp\/v2\/categories?post=3714"},{"taxonomy":"post_tag","embeddable":true,"href":"https:\/\/www.efppsuomi.fi\/index.php\/wp-json\/wp\/v2\/tags?post=3714"}],"curies":[{"name":"wp","href":"https:\/\/api.w.org\/{rel}","templated":true}]}}