{"id":403,"date":"2021-10-30T14:04:00","date_gmt":"2021-10-30T12:04:00","guid":{"rendered":"https:\/\/www.efppsuomi.fi\/?p=403"},"modified":"2023-01-26T22:48:44","modified_gmt":"2023-01-26T20:48:44","slug":"seminaari-jungilainen-lahestymistapa-kuvataidepsykoterapiassa","status":"publish","type":"post","link":"https:\/\/www.efppsuomi.fi\/index.php\/2021\/10\/30\/seminaari-jungilainen-lahestymistapa-kuvataidepsykoterapiassa\/","title":{"rendered":"Seminaari: JUNGILAINEN L\u00c4HESTYMISTAPA KUVATAIDEPSYKOTERAPIASSA"},"content":{"rendered":"\n<p><strong>Suomen Kuvataidepsykoterapia ry j\u00e4rjest\u00e4\u00e4 seminaarin<br>JUNGILAINEN L\u00c4HESTYMISTAPA KUVATAIDEPSYKOTERAPIASSA<\/strong><\/p>\n\n\n\n<p>Paikka: Lapinlahden L\u00e4hde, Pylv\u00e4ssali, os. Lapinlahdenpolku 8, Helsinki<br>Aika: 29.-30.10.2021<br>Kouluttaja: Lea Leino, Psykologi, koulutuspsykoanalyytikko, kuvataidepsykoterapeutti<\/p>\n\n\n\n<p>Tavoite: Tutustua jungilaisen l\u00e4hestymistavan perusn\u00e4kemyksiin kuvataideterapiassa ja kuvataidepsykoterapiassa.<\/p>\n\n\n\n<p>Kohderyhm\u00e4: Kuvataideterapeutit, kuvataidepsykoterapeutit, psykoterapeutit, muut terveydenhoito- ja sosiaalialan ammattilaiset ja alan opiskelijat<\/p>\n\n\n\n<p>Seminaarin hinta: Suomen Kuvataidepsykoterapia ry:n j\u00e4senet 280 \u20ac \/ molemmat p\u00e4iv\u00e4t, 170 \u20ac\/ yksi p\u00e4iv\u00e4; ei-j\u00e4senet 300 \u20ac\/ molemmat p\u00e4iv\u00e4t, 190 \u20ac \/yksi p\u00e4iv\u00e4. Seminaariin voidaan ottaa 25 osallistujaa, ensisijaisesti molempiin p\u00e4iviin osallistuvia. Mik\u00e4li paikkoja j\u00e4\u00e4 vapaaksi, otetaan my\u00f6s osallistujia yhteen p\u00e4iv\u00e4\u00e4n. Hinta sis\u00e4lt\u00e4\u00e4 lounaan ja iltap\u00e4iv\u00e4kahvin molempina p\u00e4ivin\u00e4 sek\u00e4 workshopissa tarvittavat taidev\u00e4lineet.<\/p>\n\n\n\n<p>Tarkemmat tiedot liitteess\u00e4<br><strong>\u00bb&nbsp;<\/strong><a href=\"https:\/\/www.efppsuomi.fi\/wp-content\/uploads\/2021\/11\/Sktpt_ry_Jungilainen.pdf\" target=\"_blank\" rel=\"noreferrer noopener\">Seminaarin tiedot<\/a><\/p>\n","protected":false},"excerpt":{"rendered":"<p>Suomen Kuvataidepsykoterapia ry j\u00e4rjest\u00e4\u00e4 seminaarinJUNGILAINEN L\u00c4HESTYMISTAPA KUVATAIDEPSYKOTERAPIASSA Paikka:&#8230;<\/p>\n<div class=\"more-link-wrapper\"><a class=\"more-link\" href=\"https:\/\/www.efppsuomi.fi\/index.php\/2021\/10\/30\/seminaari-jungilainen-lahestymistapa-kuvataidepsykoterapiassa\/\">Lue lis\u00e4\u00e4<span class=\"screen-reader-text\">Seminaari: JUNGILAINEN L\u00c4HESTYMISTAPA KUVATAIDEPSYKOTERAPIASSA<\/span><\/a><\/div>\n","protected":false},"author":1,"featured_media":0,"comment_status":"closed","ping_status":"open","sticky":false,"template":"","format":"standard","meta":{"footnotes":""},"categories":[10],"tags":[],"class_list":["post-403","post","type-post","status-publish","format-standard","hentry","category-ajankohtaista","entry"],"_links":{"self":[{"href":"https:\/\/www.efppsuomi.fi\/index.php\/wp-json\/wp\/v2\/posts\/403","targetHints":{"allow":["GET"]}}],"collection":[{"href":"https:\/\/www.efppsuomi.fi\/index.php\/wp-json\/wp\/v2\/posts"}],"about":[{"href":"https:\/\/www.efppsuomi.fi\/index.php\/wp-json\/wp\/v2\/types\/post"}],"author":[{"embeddable":true,"href":"https:\/\/www.efppsuomi.fi\/index.php\/wp-json\/wp\/v2\/users\/1"}],"replies":[{"embeddable":true,"href":"https:\/\/www.efppsuomi.fi\/index.php\/wp-json\/wp\/v2\/comments?post=403"}],"version-history":[{"count":4,"href":"https:\/\/www.efppsuomi.fi\/index.php\/wp-json\/wp\/v2\/posts\/403\/revisions"}],"predecessor-version":[{"id":1177,"href":"https:\/\/www.efppsuomi.fi\/index.php\/wp-json\/wp\/v2\/posts\/403\/revisions\/1177"}],"wp:attachment":[{"href":"https:\/\/www.efppsuomi.fi\/index.php\/wp-json\/wp\/v2\/media?parent=403"}],"wp:term":[{"taxonomy":"category","embeddable":true,"href":"https:\/\/www.efppsuomi.fi\/index.php\/wp-json\/wp\/v2\/categories?post=403"},{"taxonomy":"post_tag","embeddable":true,"href":"https:\/\/www.efppsuomi.fi\/index.php\/wp-json\/wp\/v2\/tags?post=403"}],"curies":[{"name":"wp","href":"https:\/\/api.w.org\/{rel}","templated":true}]}}