{"id":4089,"date":"2025-11-04T21:25:58","date_gmt":"2025-11-04T19:25:58","guid":{"rendered":"https:\/\/www.efppsuomi.fi\/?p=4089"},"modified":"2025-11-05T10:08:53","modified_gmt":"2025-11-05T08:08:53","slug":"efpp-suomi-kansallinen-verkosto-ryn-kannanotto-kelan-kuntoutuspsykoterapian-kehittamiseksi-jakeluun","status":"publish","type":"post","link":"https:\/\/www.efppsuomi.fi\/index.php\/2025\/11\/04\/efpp-suomi-kansallinen-verkosto-ryn-kannanotto-kelan-kuntoutuspsykoterapian-kehittamiseksi-jakeluun\/","title":{"rendered":"EFPP SUOMEN KANSALLINEN VERKOSTO RY:N KANNANOTTO KELAN KUNTOUTUSPSYKOTERAPIAN KEHITT\u00c4MISEKSI JAKELUUN"},"content":{"rendered":"\n<p>&#8221;Kelan kuntoutuspsykoterapia on vaikuttavaa ja kustannustehokasta. Kelan kuntoutuspsykoterapiassa toteutuu asiakasl\u00e4ht\u00f6isyys ja valinnanvapaus sek\u00e4 palvelujen monipuolisuus. On t\u00e4rke\u00e4\u00e4, ett\u00e4 siihen p\u00e4\u00e4sy\u00e4 helpotetaan ja nopeutetaan ja ett\u00e4 sen piiriin kuuluvat kaikenik\u00e4iset. Jotta omavastuuosuudet eiv\u00e4t nouse kuntoutuksen esteeksi Kelan kuntoutuspsykoterapian korvaustasoja tulee nostaa.&#8221;<\/p>\n\n\n\n<p>Liitteen\u00e4 koko kannanotto:<\/p>\n\n\n\n<p><a href=\"https:\/\/www.efppsuomi.fi\/wp-content\/uploads\/2025\/11\/Efpp-Suomi-kannanotto-Kelan-kuntoutuspsykoterapia-jakelu-3.11.2025.pdf\" target=\"_blank\" rel=\"noreferrer noopener\">Efpp Suomi kannanotto Kelan kuntoutuspsykoterapia jakelu 3.11.2025.pdf<\/a><\/p>\n","protected":false},"excerpt":{"rendered":"<p>&#8221;Kelan kuntoutuspsykoterapia on vaikuttavaa ja kustannustehokasta. Kelan kuntoutuspsykoterapiassa&#8230;<\/p>\n<div class=\"more-link-wrapper\"><a class=\"more-link\" href=\"https:\/\/www.efppsuomi.fi\/index.php\/2025\/11\/04\/efpp-suomi-kansallinen-verkosto-ryn-kannanotto-kelan-kuntoutuspsykoterapian-kehittamiseksi-jakeluun\/\">Lue lis\u00e4\u00e4<span class=\"screen-reader-text\">EFPP SUOMEN KANSALLINEN VERKOSTO RY:N KANNANOTTO KELAN KUNTOUTUSPSYKOTERAPIAN KEHITT\u00c4MISEKSI JAKELUUN<\/span><\/a><\/div>\n","protected":false},"author":1,"featured_media":0,"comment_status":"closed","ping_status":"open","sticky":false,"template":"","format":"standard","meta":{"footnotes":""},"categories":[10,6],"tags":[],"class_list":["post-4089","post","type-post","status-publish","format-standard","hentry","category-ajankohtaista","category-vaikuttaminen","entry"],"_links":{"self":[{"href":"https:\/\/www.efppsuomi.fi\/index.php\/wp-json\/wp\/v2\/posts\/4089","targetHints":{"allow":["GET"]}}],"collection":[{"href":"https:\/\/www.efppsuomi.fi\/index.php\/wp-json\/wp\/v2\/posts"}],"about":[{"href":"https:\/\/www.efppsuomi.fi\/index.php\/wp-json\/wp\/v2\/types\/post"}],"author":[{"embeddable":true,"href":"https:\/\/www.efppsuomi.fi\/index.php\/wp-json\/wp\/v2\/users\/1"}],"replies":[{"embeddable":true,"href":"https:\/\/www.efppsuomi.fi\/index.php\/wp-json\/wp\/v2\/comments?post=4089"}],"version-history":[{"count":2,"href":"https:\/\/www.efppsuomi.fi\/index.php\/wp-json\/wp\/v2\/posts\/4089\/revisions"}],"predecessor-version":[{"id":4093,"href":"https:\/\/www.efppsuomi.fi\/index.php\/wp-json\/wp\/v2\/posts\/4089\/revisions\/4093"}],"wp:attachment":[{"href":"https:\/\/www.efppsuomi.fi\/index.php\/wp-json\/wp\/v2\/media?parent=4089"}],"wp:term":[{"taxonomy":"category","embeddable":true,"href":"https:\/\/www.efppsuomi.fi\/index.php\/wp-json\/wp\/v2\/categories?post=4089"},{"taxonomy":"post_tag","embeddable":true,"href":"https:\/\/www.efppsuomi.fi\/index.php\/wp-json\/wp\/v2\/tags?post=4089"}],"curies":[{"name":"wp","href":"https:\/\/api.w.org\/{rel}","templated":true}]}}