{"id":428,"date":"2018-10-27T14:52:00","date_gmt":"2018-10-27T12:52:00","guid":{"rendered":"https:\/\/www.efppsuomi.fi\/?p=428"},"modified":"2023-01-26T23:54:12","modified_gmt":"2023-01-26T21:54:12","slug":"seminaari-jaavuoren-huippu-mita-sen-alla","status":"publish","type":"post","link":"https:\/\/www.efppsuomi.fi\/index.php\/2018\/10\/27\/seminaari-jaavuoren-huippu-mita-sen-alla\/","title":{"rendered":"Seminaari: J\u00c4\u00c4VUOREN HUIPPU, MIT\u00c4 SEN ALLA?"},"content":{"rendered":"\n<p><strong>Suomen ryhm\u00e4psykoterapia ry ja Ryhm\u00e4analyysiyhdistys ry<br>j\u00e4rjest\u00e4v\u00e4t seminaarin 26\u201327.10. 2018 Helsingiss\u00e4<br>THE TIP OF THE ICEBERG: WHAT IS BENEATH?<br><\/strong>How to reach the unknowable? What is Unconscious in Groups and Society?<br><strong>J\u00c4\u00c4VUOREN HUIPPU, MIT\u00c4 SEN ALLA?<br><\/strong>Miten tavoittaa sit\u00e4, mist\u00e4 emme mit\u00e4\u00e4n tied\u00e4? Ryhm\u00e4n ja yhteis\u00f6n tiedostamaton.<br><strong>ISBERGETS TOPP, VAD D\u00d6LJER SIG D\u00c4R UNDER?<br><\/strong>Hur n\u00e5 det ok\u00e4nda? Vad \u00e4r omedveter i grupper och samh\u00e4llet?<br>Aika\/Tidpunkt: 26-27.10.2018<br>Paikka\/Plats: Kulttuuritehdas Korjaamo T\u00f6\u00f6l\u00f6nkatu 51 B, Helsinki<br><strong>\u00bb\u00a0<\/strong><a href=\"https:\/\/www.efppsuomi.fi\/wp-content\/uploads\/2021\/11\/Haim_esite_102018.pdf\" target=\"_blank\" rel=\"noreferrer noopener\">Ohjelma<\/a><\/p>\n","protected":false},"excerpt":{"rendered":"<p>Suomen ryhm\u00e4psykoterapia ry ja Ryhm\u00e4analyysiyhdistys ryj\u00e4rjest\u00e4v\u00e4t seminaarin 26\u201327.10.&#8230;<\/p>\n<div class=\"more-link-wrapper\"><a class=\"more-link\" href=\"https:\/\/www.efppsuomi.fi\/index.php\/2018\/10\/27\/seminaari-jaavuoren-huippu-mita-sen-alla\/\">Lue lis\u00e4\u00e4<span class=\"screen-reader-text\">Seminaari: J\u00c4\u00c4VUOREN HUIPPU, MIT\u00c4 SEN ALLA?<\/span><\/a><\/div>\n","protected":false},"author":1,"featured_media":0,"comment_status":"closed","ping_status":"open","sticky":false,"template":"","format":"standard","meta":{"footnotes":""},"categories":[10],"tags":[],"class_list":["post-428","post","type-post","status-publish","format-standard","hentry","category-ajankohtaista","entry"],"_links":{"self":[{"href":"https:\/\/www.efppsuomi.fi\/index.php\/wp-json\/wp\/v2\/posts\/428","targetHints":{"allow":["GET"]}}],"collection":[{"href":"https:\/\/www.efppsuomi.fi\/index.php\/wp-json\/wp\/v2\/posts"}],"about":[{"href":"https:\/\/www.efppsuomi.fi\/index.php\/wp-json\/wp\/v2\/types\/post"}],"author":[{"embeddable":true,"href":"https:\/\/www.efppsuomi.fi\/index.php\/wp-json\/wp\/v2\/users\/1"}],"replies":[{"embeddable":true,"href":"https:\/\/www.efppsuomi.fi\/index.php\/wp-json\/wp\/v2\/comments?post=428"}],"version-history":[{"count":2,"href":"https:\/\/www.efppsuomi.fi\/index.php\/wp-json\/wp\/v2\/posts\/428\/revisions"}],"predecessor-version":[{"id":431,"href":"https:\/\/www.efppsuomi.fi\/index.php\/wp-json\/wp\/v2\/posts\/428\/revisions\/431"}],"wp:attachment":[{"href":"https:\/\/www.efppsuomi.fi\/index.php\/wp-json\/wp\/v2\/media?parent=428"}],"wp:term":[{"taxonomy":"category","embeddable":true,"href":"https:\/\/www.efppsuomi.fi\/index.php\/wp-json\/wp\/v2\/categories?post=428"},{"taxonomy":"post_tag","embeddable":true,"href":"https:\/\/www.efppsuomi.fi\/index.php\/wp-json\/wp\/v2\/tags?post=428"}],"curies":[{"name":"wp","href":"https:\/\/api.w.org\/{rel}","templated":true}]}}