{"id":4451,"date":"2026-04-28T20:36:00","date_gmt":"2026-04-28T18:36:00","guid":{"rendered":"https:\/\/www.efppsuomi.fi\/?p=4451"},"modified":"2026-04-28T20:38:44","modified_gmt":"2026-04-28T18:38:44","slug":"4451","status":"publish","type":"post","link":"https:\/\/www.efppsuomi.fi\/index.php\/2026\/04\/28\/4451\/","title":{"rendered":"EFPP Suomi Eettinen ty\u00f6ryhm\u00e4: Eettinen keskusteluilta Zoom tiistaina 5.5.2026"},"content":{"rendered":"\n<p><\/p>\n\n\n\n<figure class=\"wp-block-image\"><img loading=\"lazy\" decoding=\"async\" width=\"853\" height=\"233\" src=\"https:\/\/www.efppsuomi.fi\/wp-content\/uploads\/2025\/12\/pexels-carlos-audrines-1366351413-28162856-sateenvarjot.-kavennettu-4.jpg\" alt=\"\" class=\"wp-image-4206\" srcset=\"https:\/\/www.efppsuomi.fi\/wp-content\/uploads\/2025\/12\/pexels-carlos-audrines-1366351413-28162856-sateenvarjot.-kavennettu-4.jpg 853w, https:\/\/www.efppsuomi.fi\/wp-content\/uploads\/2025\/12\/pexels-carlos-audrines-1366351413-28162856-sateenvarjot.-kavennettu-4-300x82.jpg 300w, https:\/\/www.efppsuomi.fi\/wp-content\/uploads\/2025\/12\/pexels-carlos-audrines-1366351413-28162856-sateenvarjot.-kavennettu-4-768x210.jpg 768w\" sizes=\"auto, (max-width: 853px) 100vw, 853px\" \/><\/figure>\n\n\n\n<p>Kev\u00e4\u00e4n eettisten iltojen teemat valittiin eniten \u00e4\u00e4ni\u00e4 saaneista. Kiitokset kaikille \u00e4\u00e4nens\u00e4 antaneille!<\/p>\n\n\n\n<p>Seuraavassa ja toistaiseksi viimeisess\u00e4 kaikkien suuntausten psykoterapeuteille avoimessa Eettisess\u00e4 keskusteluillassa poikkeuksellisesti <strong>tiistaina 5.5 klo 19.00<\/strong> on teemana \u201dPsykoterapeutin kasvu ja kehitys\u201d. Ilmoittaudu s\u00e4hk\u00f6postilla eettinen.tyoryhma(at)efppsuomi.fi 4.5. menness\u00e4. Ilta toteutuu kun osallistujia on v\u00e4hint\u00e4\u00e4n viisi. Zoom linkki l\u00e4hetet\u00e4\u00e4n osallistujille 5.5.<\/p>\n\n\n\n<p>Tervetuloa mukaan!<\/p>\n\n\n\n<p><\/p>\n","protected":false},"excerpt":{"rendered":"<p>Kev\u00e4\u00e4n eettisten iltojen teemat valittiin eniten \u00e4\u00e4ni\u00e4 saaneista.&#8230;<\/p>\n<div class=\"more-link-wrapper\"><a class=\"more-link\" href=\"https:\/\/www.efppsuomi.fi\/index.php\/2026\/04\/28\/4451\/\">Lue lis\u00e4\u00e4<span class=\"screen-reader-text\">EFPP Suomi Eettinen ty\u00f6ryhm\u00e4: Eettinen keskusteluilta Zoom tiistaina 5.5.2026<\/span><\/a><\/div>\n","protected":false},"author":1,"featured_media":0,"comment_status":"closed","ping_status":"open","sticky":false,"template":"","format":"standard","meta":{"footnotes":""},"categories":[39,38],"tags":[],"class_list":["post-4451","post","type-post","status-publish","format-standard","hentry","category-eettiset-keskusteluillat","category-eettisyys","entry"],"_links":{"self":[{"href":"https:\/\/www.efppsuomi.fi\/index.php\/wp-json\/wp\/v2\/posts\/4451","targetHints":{"allow":["GET"]}}],"collection":[{"href":"https:\/\/www.efppsuomi.fi\/index.php\/wp-json\/wp\/v2\/posts"}],"about":[{"href":"https:\/\/www.efppsuomi.fi\/index.php\/wp-json\/wp\/v2\/types\/post"}],"author":[{"embeddable":true,"href":"https:\/\/www.efppsuomi.fi\/index.php\/wp-json\/wp\/v2\/users\/1"}],"replies":[{"embeddable":true,"href":"https:\/\/www.efppsuomi.fi\/index.php\/wp-json\/wp\/v2\/comments?post=4451"}],"version-history":[{"count":2,"href":"https:\/\/www.efppsuomi.fi\/index.php\/wp-json\/wp\/v2\/posts\/4451\/revisions"}],"predecessor-version":[{"id":4453,"href":"https:\/\/www.efppsuomi.fi\/index.php\/wp-json\/wp\/v2\/posts\/4451\/revisions\/4453"}],"wp:attachment":[{"href":"https:\/\/www.efppsuomi.fi\/index.php\/wp-json\/wp\/v2\/media?parent=4451"}],"wp:term":[{"taxonomy":"category","embeddable":true,"href":"https:\/\/www.efppsuomi.fi\/index.php\/wp-json\/wp\/v2\/categories?post=4451"},{"taxonomy":"post_tag","embeddable":true,"href":"https:\/\/www.efppsuomi.fi\/index.php\/wp-json\/wp\/v2\/tags?post=4451"}],"curies":[{"name":"wp","href":"https:\/\/api.w.org\/{rel}","templated":true}]}}