{"id":4465,"date":"2026-05-01T21:05:53","date_gmt":"2026-05-01T19:05:53","guid":{"rendered":"https:\/\/www.efppsuomi.fi\/?p=4465"},"modified":"2026-05-01T21:05:54","modified_gmt":"2026-05-01T19:05:54","slug":"psykoterapiasaatio-monasterin-seminaari-diagnoosista-dynamiikkaan-miten-nahda-lapsen-oireiden-taakse-18-19-9-2026","status":"publish","type":"post","link":"https:\/\/www.efppsuomi.fi\/index.php\/2026\/05\/01\/psykoterapiasaatio-monasterin-seminaari-diagnoosista-dynamiikkaan-miten-nahda-lapsen-oireiden-taakse-18-19-9-2026\/","title":{"rendered":"Psykoterapias\u00e4\u00e4ti\u00f6 Monasterin seminaari DIAGNOOSISTA DYNAMIIKKAAN &#8211; Miten n\u00e4hd\u00e4 lapsen oireiden taakse? 18-19.9.2026"},"content":{"rendered":"\n<p>Koulutus on tarkoitettu psykoterapiasta kiinnostuneille sosiaali- ja terveydenhuollon ammattihenkil\u00f6ille.L uennoitsijat ovat Suomen Psykoanalyyttisen Yhdistyksen j\u00e4seni\u00e4. Koulutusta anotaan erikoistumiskoulutukseksi lastenpsykiatrian, nuorisopsykiatrian ja psykiatrian erikoisaloille. Esite liitteen\u00e4.<\/p>\n\n\n\n<p><a href=\"https:\/\/www.efppsuomi.fi\/wp-content\/uploads\/2026\/05\/Monasterinkoulutus26.pdf\" target=\"_blank\" rel=\"noreferrer noopener\">Monasterinkoulutus26.pdf<\/a><\/p>\n","protected":false},"excerpt":{"rendered":"<p>Koulutus on tarkoitettu psykoterapiasta kiinnostuneille sosiaali- ja terveydenhuollon&#8230;<\/p>\n<div class=\"more-link-wrapper\"><a class=\"more-link\" href=\"https:\/\/www.efppsuomi.fi\/index.php\/2026\/05\/01\/psykoterapiasaatio-monasterin-seminaari-diagnoosista-dynamiikkaan-miten-nahda-lapsen-oireiden-taakse-18-19-9-2026\/\">Lue lis\u00e4\u00e4<span class=\"screen-reader-text\">Psykoterapias\u00e4\u00e4ti\u00f6 Monasterin seminaari DIAGNOOSISTA DYNAMIIKKAAN &#8211; Miten n\u00e4hd\u00e4 lapsen oireiden taakse? 18-19.9.2026<\/span><\/a><\/div>\n","protected":false},"author":1,"featured_media":0,"comment_status":"closed","ping_status":"open","sticky":false,"template":"","format":"standard","meta":{"footnotes":""},"categories":[10,15],"tags":[],"class_list":["post-4465","post","type-post","status-publish","format-standard","hentry","category-ajankohtaista","category-tapahtumat","entry"],"_links":{"self":[{"href":"https:\/\/www.efppsuomi.fi\/index.php\/wp-json\/wp\/v2\/posts\/4465","targetHints":{"allow":["GET"]}}],"collection":[{"href":"https:\/\/www.efppsuomi.fi\/index.php\/wp-json\/wp\/v2\/posts"}],"about":[{"href":"https:\/\/www.efppsuomi.fi\/index.php\/wp-json\/wp\/v2\/types\/post"}],"author":[{"embeddable":true,"href":"https:\/\/www.efppsuomi.fi\/index.php\/wp-json\/wp\/v2\/users\/1"}],"replies":[{"embeddable":true,"href":"https:\/\/www.efppsuomi.fi\/index.php\/wp-json\/wp\/v2\/comments?post=4465"}],"version-history":[{"count":1,"href":"https:\/\/www.efppsuomi.fi\/index.php\/wp-json\/wp\/v2\/posts\/4465\/revisions"}],"predecessor-version":[{"id":4466,"href":"https:\/\/www.efppsuomi.fi\/index.php\/wp-json\/wp\/v2\/posts\/4465\/revisions\/4466"}],"wp:attachment":[{"href":"https:\/\/www.efppsuomi.fi\/index.php\/wp-json\/wp\/v2\/media?parent=4465"}],"wp:term":[{"taxonomy":"category","embeddable":true,"href":"https:\/\/www.efppsuomi.fi\/index.php\/wp-json\/wp\/v2\/categories?post=4465"},{"taxonomy":"post_tag","embeddable":true,"href":"https:\/\/www.efppsuomi.fi\/index.php\/wp-json\/wp\/v2\/tags?post=4465"}],"curies":[{"name":"wp","href":"https:\/\/api.w.org\/{rel}","templated":true}]}}