{"id":458,"date":"2019-10-05T14:36:00","date_gmt":"2019-10-05T12:36:00","guid":{"rendered":"https:\/\/www.efppsuomi.fi\/?p=458"},"modified":"2023-01-26T23:15:37","modified_gmt":"2023-01-26T21:15:37","slug":"seminaari-katseen-katkossa-suru-surun-toivon-ja-syyllisyyden-kudelmia","status":"publish","type":"post","link":"https:\/\/www.efppsuomi.fi\/index.php\/2019\/10\/05\/seminaari-katseen-katkossa-suru-surun-toivon-ja-syyllisyyden-kudelmia\/","title":{"rendered":"Seminaari: KATSEEN KATK\u00d6SS\u00c4 SURU \u2013 Surun, toivon ja syyllisyyden kudelmia"},"content":{"rendered":"\n<p><strong>It\u00e4-Suomen Psykoterapiayhdistyksen Lokaseminaarin ohjelma on valmistunut!<br>KATSEEN KATK\u00d6SS\u00c4 SURU \u2013 Surun, toivon ja syyllisyyden kudelmia<\/strong>Paikka: Scala-elokuvateatteri, Ajurinkatu 16, KUOPIO<br>Aika: lauantai 5.10. 2019<br>Kouluttaja: Hannu Sikkil\u00e4, koulutuspsykoanalyytikko (IPA)<\/p>\n\n\n\n<p>Koulutusp\u00e4iv\u00e4n\u00e4 katsotaan kaksi elokuvaa sek\u00e4 keskustellaan alustusten ja psykoanalyyttisen kirjallisuuden valossa.<\/p>\n\n\n\n<p>Katso tarkempi ohjelma ja ilmoittautumisohjeet liitteest\u00e4 ja yhdistyksen nettisivuilta&nbsp;<strong>\u00bb&nbsp;<\/strong><a href=\"https:\/\/ispy.fi\/koulutukset\/\" target=\"_blank\" rel=\"noreferrer noopener\">nettisivut<\/a><br>Ilmoittautuminen p\u00e4\u00e4ttyy 3.9.2019!<\/p>\n\n\n\n<p><strong>\u00bb\u00a0<\/strong><a href=\"https:\/\/www.efppsuomi.fi\/wp-content\/uploads\/2021\/11\/Lokaseminaari_2019_ISPY.pdf\" target=\"_blank\" rel=\"noreferrer noopener\">Ohjelma<\/a><\/p>\n","protected":false},"excerpt":{"rendered":"<p>It\u00e4-Suomen Psykoterapiayhdistyksen Lokaseminaarin ohjelma on valmistunut!KATSEEN KATK\u00d6SS\u00c4 SURU&#8230;<\/p>\n<div class=\"more-link-wrapper\"><a class=\"more-link\" href=\"https:\/\/www.efppsuomi.fi\/index.php\/2019\/10\/05\/seminaari-katseen-katkossa-suru-surun-toivon-ja-syyllisyyden-kudelmia\/\">Lue lis\u00e4\u00e4<span class=\"screen-reader-text\">Seminaari: KATSEEN KATK\u00d6SS\u00c4 SURU \u2013 Surun, toivon ja syyllisyyden kudelmia<\/span><\/a><\/div>\n","protected":false},"author":1,"featured_media":0,"comment_status":"closed","ping_status":"open","sticky":false,"template":"","format":"standard","meta":{"footnotes":""},"categories":[10],"tags":[],"class_list":["post-458","post","type-post","status-publish","format-standard","hentry","category-ajankohtaista","entry"],"_links":{"self":[{"href":"https:\/\/www.efppsuomi.fi\/index.php\/wp-json\/wp\/v2\/posts\/458","targetHints":{"allow":["GET"]}}],"collection":[{"href":"https:\/\/www.efppsuomi.fi\/index.php\/wp-json\/wp\/v2\/posts"}],"about":[{"href":"https:\/\/www.efppsuomi.fi\/index.php\/wp-json\/wp\/v2\/types\/post"}],"author":[{"embeddable":true,"href":"https:\/\/www.efppsuomi.fi\/index.php\/wp-json\/wp\/v2\/users\/1"}],"replies":[{"embeddable":true,"href":"https:\/\/www.efppsuomi.fi\/index.php\/wp-json\/wp\/v2\/comments?post=458"}],"version-history":[{"count":2,"href":"https:\/\/www.efppsuomi.fi\/index.php\/wp-json\/wp\/v2\/posts\/458\/revisions"}],"predecessor-version":[{"id":461,"href":"https:\/\/www.efppsuomi.fi\/index.php\/wp-json\/wp\/v2\/posts\/458\/revisions\/461"}],"wp:attachment":[{"href":"https:\/\/www.efppsuomi.fi\/index.php\/wp-json\/wp\/v2\/media?parent=458"}],"wp:term":[{"taxonomy":"category","embeddable":true,"href":"https:\/\/www.efppsuomi.fi\/index.php\/wp-json\/wp\/v2\/categories?post=458"},{"taxonomy":"post_tag","embeddable":true,"href":"https:\/\/www.efppsuomi.fi\/index.php\/wp-json\/wp\/v2\/tags?post=458"}],"curies":[{"name":"wp","href":"https:\/\/api.w.org\/{rel}","templated":true}]}}