{"id":466,"date":"2019-11-22T15:13:00","date_gmt":"2019-11-22T13:13:00","guid":{"rendered":"https:\/\/www.efppsuomi.fi\/?p=466"},"modified":"2023-01-26T23:50:52","modified_gmt":"2023-01-26T21:50:52","slug":"luento-ajatuksia-psykoanalyyttisen-ymmarryksen-luonteesta-merkityksista-vieteista-ja-psykoanalyysin-tavoitteesta","status":"publish","type":"post","link":"https:\/\/www.efppsuomi.fi\/index.php\/2019\/11\/22\/luento-ajatuksia-psykoanalyyttisen-ymmarryksen-luonteesta-merkityksista-vieteista-ja-psykoanalyysin-tavoitteesta\/","title":{"rendered":"Luento: AJATUKSIA PSYKOANALYYTTISEN YMM\u00c4RRYKSEN LUONTEESTA, MERKITYKSIST\u00c4, VIETEIST\u00c4 JA PSYKOANALYYSIN TAVOITTEESTA"},"content":{"rendered":"\n<p><strong>It\u00e4-Suomen Psykoterapiayhdistyksen luentoilta<br>AJATUKSIA PSYKOANALYYTTISEN YMM\u00c4RRYKSEN LUONTEESTA, MERKITYKSIST\u00c4, VIETEIST\u00c4 JA PSYKOANALYYSIN TAVOITTEESTA<\/strong>Paikka: Palvelualan Opisto (PAOK), Asemakatu 4, Kuopio<br>Aika: pe 22.11. 2019 klo 17-19 (huom. aika!)<br>Henrik Enckell, LT, koulutuspsykoanalyytikko (IPA)<br>\/Kati Pelkonen kati.mustonen(at)iki.fi<\/p>\n","protected":false},"excerpt":{"rendered":"<p>It\u00e4-Suomen Psykoterapiayhdistyksen luentoiltaAJATUKSIA PSYKOANALYYTTISEN YMM\u00c4RRYKSEN LUONTEESTA, MERKITYKSIST\u00c4, VIETEIST\u00c4&#8230;<\/p>\n<div class=\"more-link-wrapper\"><a class=\"more-link\" href=\"https:\/\/www.efppsuomi.fi\/index.php\/2019\/11\/22\/luento-ajatuksia-psykoanalyyttisen-ymmarryksen-luonteesta-merkityksista-vieteista-ja-psykoanalyysin-tavoitteesta\/\">Lue lis\u00e4\u00e4<span class=\"screen-reader-text\">Luento: AJATUKSIA PSYKOANALYYTTISEN YMM\u00c4RRYKSEN LUONTEESTA, MERKITYKSIST\u00c4, VIETEIST\u00c4 JA PSYKOANALYYSIN TAVOITTEESTA<\/span><\/a><\/div>\n","protected":false},"author":1,"featured_media":0,"comment_status":"closed","ping_status":"open","sticky":false,"template":"","format":"standard","meta":{"footnotes":""},"categories":[10],"tags":[],"class_list":["post-466","post","type-post","status-publish","format-standard","hentry","category-ajankohtaista","entry"],"_links":{"self":[{"href":"https:\/\/www.efppsuomi.fi\/index.php\/wp-json\/wp\/v2\/posts\/466","targetHints":{"allow":["GET"]}}],"collection":[{"href":"https:\/\/www.efppsuomi.fi\/index.php\/wp-json\/wp\/v2\/posts"}],"about":[{"href":"https:\/\/www.efppsuomi.fi\/index.php\/wp-json\/wp\/v2\/types\/post"}],"author":[{"embeddable":true,"href":"https:\/\/www.efppsuomi.fi\/index.php\/wp-json\/wp\/v2\/users\/1"}],"replies":[{"embeddable":true,"href":"https:\/\/www.efppsuomi.fi\/index.php\/wp-json\/wp\/v2\/comments?post=466"}],"version-history":[{"count":1,"href":"https:\/\/www.efppsuomi.fi\/index.php\/wp-json\/wp\/v2\/posts\/466\/revisions"}],"predecessor-version":[{"id":467,"href":"https:\/\/www.efppsuomi.fi\/index.php\/wp-json\/wp\/v2\/posts\/466\/revisions\/467"}],"wp:attachment":[{"href":"https:\/\/www.efppsuomi.fi\/index.php\/wp-json\/wp\/v2\/media?parent=466"}],"wp:term":[{"taxonomy":"category","embeddable":true,"href":"https:\/\/www.efppsuomi.fi\/index.php\/wp-json\/wp\/v2\/categories?post=466"},{"taxonomy":"post_tag","embeddable":true,"href":"https:\/\/www.efppsuomi.fi\/index.php\/wp-json\/wp\/v2\/tags?post=466"}],"curies":[{"name":"wp","href":"https:\/\/api.w.org\/{rel}","templated":true}]}}