{"id":468,"date":"2020-02-07T15:15:00","date_gmt":"2020-02-07T13:15:00","guid":{"rendered":"https:\/\/www.efppsuomi.fi\/?p=468"},"modified":"2023-01-26T23:13:08","modified_gmt":"2023-01-26T21:13:08","slug":"serminaari-valheet-ja-viettelykset-somessa","status":"publish","type":"post","link":"https:\/\/www.efppsuomi.fi\/index.php\/2020\/02\/07\/serminaari-valheet-ja-viettelykset-somessa\/","title":{"rendered":"Serminaari: VALHEET JA VIETTELYKSET SOMESSA"},"content":{"rendered":"\n<p><strong>Ryhm\u00e4analyysiyhdistyksen talviseminaari VALHEET JA VIETTELYKSET SOMESSA<\/strong><br>Aika: 7.2.2020 klo 8.25-16.30<\/p>\n\n\n\n<p>Sofiankatu 4, Helsinki:<\/p>\n\n\n\n<p>8.25 Alkusanat Kino Engeliss\u00e4, Sofiankatu 4.<br>Seminaarin puheenjohtaja, ryhm\u00e4analyytikko Kristiina Toivola.<br>8.30 Safy Nebboun elokuva \u201dOlen kuka haluat\u201d.<\/p>\n\n\n\n<p>Siirryt\u00e4\u00e4n noin 650 metri\u00e4 Kirkkokatu 6, Helsinki:<br>10.30 Kahvi Tieteiden talolla, Kirkkokatu 6.<\/p>\n\n\n\n<p>11.00 \u201dMihin elokuva meid\u00e4t toi \u2014 kokemuksia SOMESTA asiakasty\u00f6ss\u00e4\u201d.<br>Ryhm\u00e4analyytikot Marketta Apajalahti, Taru Kaivola, Matti Kupila ja Kristiina Toivola<br>sek\u00e4 ryhm\u00e4psykoterapeutti Esa Pursiainen.<br>12.30 Lounas (omakustanteinen) 13.15 \u201dSOMEN vaikutuksia nuorten el\u00e4m\u00e4ss\u00e4\u201d.<br>Psykoanalyytikko, psykoterapiakouluttaja Camilla Bargum.<br>14.45 Kahvi 15.00 Suurryhm\u00e4 Ohjaajina ryhm\u00e4analyytikot Taru Kaivola ja Aila Kauranen.<br>16.00 Seminaarin p\u00e4\u00e4t\u00f6s<\/p>\n\n\n\n<p>lmoittaudu 24.1.2020 menness\u00e4 kotisivujen kautta<br>.&nbsp;<strong>\u00bb&nbsp;<\/strong><a href=\"https:\/\/www.ryhmaanalyysi.fi\/tapahtumat\" target=\"_blank\" rel=\"noreferrer noopener\">Ilmoittautuminen<\/a><\/p>\n\n\n\n<p>Ohjelma liitteen\u00e4:\u00a0<strong>\u00bb\u00a0<\/strong><a href=\"https:\/\/www.efppsuomi.fi\/wp-content\/uploads\/2021\/11\/Ryhmaanalyysi2019esitepdf.pdf\" target=\"_blank\" rel=\"noreferrer noopener\">Ohjelma<\/a><br>Koulutuksen hinta 170 \u20ac (sis.alv 24% = 32,90 \u20ac).<br>Lis\u00e4tietoja antaa seminaarin puheenjohtaja Kristiina Toivola, 040 5063 685.<br>Koulutus on tason EQF7 ammatillista koulutusta<br>(lait 559\/1994 ja 817\/2015), laajuus 8 tuntia<\/p>\n","protected":false},"excerpt":{"rendered":"<p>Ryhm\u00e4analyysiyhdistyksen talviseminaari VALHEET JA VIETTELYKSET SOMESSAAika: 7.2.2020 klo&#8230;<\/p>\n<div class=\"more-link-wrapper\"><a class=\"more-link\" href=\"https:\/\/www.efppsuomi.fi\/index.php\/2020\/02\/07\/serminaari-valheet-ja-viettelykset-somessa\/\">Lue lis\u00e4\u00e4<span class=\"screen-reader-text\">Serminaari: VALHEET JA VIETTELYKSET SOMESSA<\/span><\/a><\/div>\n","protected":false},"author":1,"featured_media":0,"comment_status":"closed","ping_status":"open","sticky":false,"template":"","format":"standard","meta":{"footnotes":""},"categories":[10],"tags":[],"class_list":["post-468","post","type-post","status-publish","format-standard","hentry","category-ajankohtaista","entry"],"_links":{"self":[{"href":"https:\/\/www.efppsuomi.fi\/index.php\/wp-json\/wp\/v2\/posts\/468","targetHints":{"allow":["GET"]}}],"collection":[{"href":"https:\/\/www.efppsuomi.fi\/index.php\/wp-json\/wp\/v2\/posts"}],"about":[{"href":"https:\/\/www.efppsuomi.fi\/index.php\/wp-json\/wp\/v2\/types\/post"}],"author":[{"embeddable":true,"href":"https:\/\/www.efppsuomi.fi\/index.php\/wp-json\/wp\/v2\/users\/1"}],"replies":[{"embeddable":true,"href":"https:\/\/www.efppsuomi.fi\/index.php\/wp-json\/wp\/v2\/comments?post=468"}],"version-history":[{"count":2,"href":"https:\/\/www.efppsuomi.fi\/index.php\/wp-json\/wp\/v2\/posts\/468\/revisions"}],"predecessor-version":[{"id":471,"href":"https:\/\/www.efppsuomi.fi\/index.php\/wp-json\/wp\/v2\/posts\/468\/revisions\/471"}],"wp:attachment":[{"href":"https:\/\/www.efppsuomi.fi\/index.php\/wp-json\/wp\/v2\/media?parent=468"}],"wp:term":[{"taxonomy":"category","embeddable":true,"href":"https:\/\/www.efppsuomi.fi\/index.php\/wp-json\/wp\/v2\/categories?post=468"},{"taxonomy":"post_tag","embeddable":true,"href":"https:\/\/www.efppsuomi.fi\/index.php\/wp-json\/wp\/v2\/tags?post=468"}],"curies":[{"name":"wp","href":"https:\/\/api.w.org\/{rel}","templated":true}]}}