{"id":596,"date":"2020-03-30T17:04:00","date_gmt":"2020-03-30T15:04:00","guid":{"rendered":"https:\/\/www.efppsuomi.fi\/?p=596"},"modified":"2023-01-27T00:28:25","modified_gmt":"2023-01-26T22:28:25","slug":"vastine-efpp-suomen-kansallinen-verkosto-ryn-hallituksen-vastine-30-03-2020-kelan-suositukselle-kuntoutusryhmapsykoterapian-keskeyttamisesta-koronavirusepidemian-aikana","status":"publish","type":"post","link":"https:\/\/www.efppsuomi.fi\/index.php\/2020\/03\/30\/vastine-efpp-suomen-kansallinen-verkosto-ryn-hallituksen-vastine-30-03-2020-kelan-suositukselle-kuntoutusryhmapsykoterapian-keskeyttamisesta-koronavirusepidemian-aikana\/","title":{"rendered":"Vastine:  EFPP Suomen kansallinen verkosto ry:n hallituksen vastine 30 03 2020 Kelan suositukselle kuntoutusryhm\u00e4psykoterapian keskeytt\u00e4misest\u00e4 koronavirusepidemian aikana."},"content":{"rendered":"\n<p>\u00a0EFPP Suomen kansallinen verkosto ry:n hallituksen vastine 30 03 2020 Kelan suositukselle kuntoutusryhm\u00e4psykoterapian keskeytt\u00e4misest\u00e4 koronavirusepidemian aikana.<\/p>\n\n\n\n<p>Vastine linkiss\u00e4:<br><strong>\u00bb\u00a0<\/strong><a href=\"https:\/\/www.efppsuomi.fi\/wp-content\/uploads\/2021\/11\/EFPP_Suomi_Vastine_Kelalle_300320.pdf\" target=\"_blank\" rel=\"noreferrer noopener\">Vastine<\/a><\/p>\n","protected":false},"excerpt":{"rendered":"<p>\u00a0EFPP Suomen kansallinen verkosto ry:n hallituksen vastine 30&#8230;<\/p>\n<div class=\"more-link-wrapper\"><a class=\"more-link\" href=\"https:\/\/www.efppsuomi.fi\/index.php\/2020\/03\/30\/vastine-efpp-suomen-kansallinen-verkosto-ryn-hallituksen-vastine-30-03-2020-kelan-suositukselle-kuntoutusryhmapsykoterapian-keskeyttamisesta-koronavirusepidemian-aikana\/\">Lue lis\u00e4\u00e4<span class=\"screen-reader-text\">Vastine:  EFPP Suomen kansallinen verkosto ry:n hallituksen vastine 30 03 2020 Kelan suositukselle kuntoutusryhm\u00e4psykoterapian keskeytt\u00e4misest\u00e4 koronavirusepidemian aikana.<\/span><\/a><\/div>\n","protected":false},"author":1,"featured_media":0,"comment_status":"closed","ping_status":"open","sticky":false,"template":"","format":"standard","meta":{"footnotes":""},"categories":[6],"tags":[],"class_list":["post-596","post","type-post","status-publish","format-standard","hentry","category-vaikuttaminen","entry"],"_links":{"self":[{"href":"https:\/\/www.efppsuomi.fi\/index.php\/wp-json\/wp\/v2\/posts\/596","targetHints":{"allow":["GET"]}}],"collection":[{"href":"https:\/\/www.efppsuomi.fi\/index.php\/wp-json\/wp\/v2\/posts"}],"about":[{"href":"https:\/\/www.efppsuomi.fi\/index.php\/wp-json\/wp\/v2\/types\/post"}],"author":[{"embeddable":true,"href":"https:\/\/www.efppsuomi.fi\/index.php\/wp-json\/wp\/v2\/users\/1"}],"replies":[{"embeddable":true,"href":"https:\/\/www.efppsuomi.fi\/index.php\/wp-json\/wp\/v2\/comments?post=596"}],"version-history":[{"count":1,"href":"https:\/\/www.efppsuomi.fi\/index.php\/wp-json\/wp\/v2\/posts\/596\/revisions"}],"predecessor-version":[{"id":598,"href":"https:\/\/www.efppsuomi.fi\/index.php\/wp-json\/wp\/v2\/posts\/596\/revisions\/598"}],"wp:attachment":[{"href":"https:\/\/www.efppsuomi.fi\/index.php\/wp-json\/wp\/v2\/media?parent=596"}],"wp:term":[{"taxonomy":"category","embeddable":true,"href":"https:\/\/www.efppsuomi.fi\/index.php\/wp-json\/wp\/v2\/categories?post=596"},{"taxonomy":"post_tag","embeddable":true,"href":"https:\/\/www.efppsuomi.fi\/index.php\/wp-json\/wp\/v2\/tags?post=596"}],"curies":[{"name":"wp","href":"https:\/\/api.w.org\/{rel}","templated":true}]}}