{"id":615,"date":"2018-10-06T17:38:00","date_gmt":"2018-10-06T15:38:00","guid":{"rendered":"https:\/\/www.efppsuomi.fi\/?p=615"},"modified":"2023-01-26T23:05:39","modified_gmt":"2023-01-26T21:05:39","slug":"koulutuspaiva-nuorisopsykoterapia-saatio-jarjestaa-nuorisopsykoterapian-koulutuspaivat","status":"publish","type":"post","link":"https:\/\/www.efppsuomi.fi\/index.php\/2018\/10\/06\/koulutuspaiva-nuorisopsykoterapia-saatio-jarjestaa-nuorisopsykoterapian-koulutuspaivat\/","title":{"rendered":"Koulutusp\u00e4iv\u00e4: Nuorisopsykoterapia-s\u00e4\u00e4ti\u00f6 j\u00e4rjest\u00e4\u00e4 nuorisopsykoterapian koulutusp\u00e4iv\u00e4t"},"content":{"rendered":"\n<p><strong>Nuorisopsykoterapia-s\u00e4\u00e4ti\u00f6 j\u00e4rjest\u00e4\u00e4 nuorisopsykoterapian koulutusp\u00e4iv\u00e4t<\/strong><\/p>\n\n\n\n<p><br>Professori, psykoanalyytikko Johannes Lehtosen luennon aluksi kuvataan lapsen kehityst\u00e4 kohdussa ennen syntym\u00e4\u00e4. Syntym\u00e4n aiheuttamaa katkosta lapsen ja \u00e4idin v\u00e4lill\u00e4 k\u00e4sitell\u00e4\u00e4n sek\u00e4 fysiologiselta ett\u00e4 alkeispsyykkiselt\u00e4 kannalta. Kuvataan sillan kehittymist\u00e4 lapsen ja \u00e4idin v\u00e4lille sek\u00e4 vietin her\u00e4\u00e4misen osuutta tuon sillan rakentumisessa. Syntym\u00e4\u00e4n sopeutumisen eteneminen tuo lapsen el\u00e4m\u00e4\u00e4n s\u00e4\u00e4nn\u00f6llisen rakenteen, joka muodostuu n\u00e4l\u00e4n, tyydytyksen, levon ja unen v\u00e4lisest\u00e4 vuorottelusta. Se tuo lapsen el\u00e4m\u00e4\u00e4n ajalliset puitteet. N\u00e4iden tilojen rytminen vaihtelu toistuu satoja kertoja vastasyntyneisyyskaudella. Luennon lopulla k\u00e4sitell\u00e4\u00e4n my\u00f6s mielihyv\u00e4periaatteen ja alkeellisen tietoisuuden (kehollinen tietoisuus) kehittymist\u00e4. Psykoanalyytikko Marita Niemen \u201dRakkauden hedelm\u00e4t\u201d -luennossa pohditaan sit\u00e4 tilannetta, johon ja josta lapsi aluksi kahdenkeskisten suhteiden kautta psyykkisesti syntyy. Piilotajuiset odotukset, fyysinen ja psyykkinen \u201dpitely\u201d sek\u00e4 sosiaalinen vuorovaikutus synnytt\u00e4v\u00e4t lapselle kokemukset tuntemuksista ja tunteista ja v\u00e4hitellen muovaavat itseyden kokemusta. Pohditaan my\u00f6s psykoterapian hoidollisia mahdollisuuksia ja esitell\u00e4\u00e4n erilaisia menetelm\u00e4llisi\u00e4 painotuksia varhaisia kehityksellisi\u00e4 vajeita paikattaessa. Psykoanalyytikkokouluttaja Maria H\u00e4kkisen \u201dIs\u00e4n katse\u201d-tekstiss\u00e4 k\u00e4sitell\u00e4\u00e4n kysymyst\u00e4 itsen ja ulkoisen maailman hahmottamisesta kolmiosuhteen n\u00e4k\u00f6kulmasta. Se on koko el\u00e4m\u00e4n kest\u00e4v\u00e4 prosessi ja saa erilaisia ilmenemismuotoja my\u00f6hemmiss\u00e4 el\u00e4m\u00e4nvaiheissa. TERVETULOA!<br>Aika\/Tidpunkt: 5-6.10.2018<br>Paikka\/Plats: Auditorio Leonardo da Vinci, It\u00e4merenkatu 11-13, Helsinki (Ruoholahden metroasema)<br><strong>\u00bb\u00a0<\/strong><a href=\"https:\/\/www.efppsuomi.fi\/wp-content\/uploads\/2021\/11\/Nuorisopsyko_lokakuu2018.pdf\" target=\"_blank\" rel=\"noreferrer noopener\">UUSI Ohjelma<\/a><\/p>\n","protected":false},"excerpt":{"rendered":"<p>Nuorisopsykoterapia-s\u00e4\u00e4ti\u00f6 j\u00e4rjest\u00e4\u00e4 nuorisopsykoterapian koulutusp\u00e4iv\u00e4t Professori, psykoanalyytikko Johannes Lehtosen&#8230;<\/p>\n<div class=\"more-link-wrapper\"><a class=\"more-link\" href=\"https:\/\/www.efppsuomi.fi\/index.php\/2018\/10\/06\/koulutuspaiva-nuorisopsykoterapia-saatio-jarjestaa-nuorisopsykoterapian-koulutuspaivat\/\">Lue lis\u00e4\u00e4<span class=\"screen-reader-text\">Koulutusp\u00e4iv\u00e4: Nuorisopsykoterapia-s\u00e4\u00e4ti\u00f6 j\u00e4rjest\u00e4\u00e4 nuorisopsykoterapian koulutusp\u00e4iv\u00e4t<\/span><\/a><\/div>\n","protected":false},"author":1,"featured_media":0,"comment_status":"closed","ping_status":"open","sticky":false,"template":"","format":"standard","meta":{"footnotes":""},"categories":[10],"tags":[],"class_list":["post-615","post","type-post","status-publish","format-standard","hentry","category-ajankohtaista","entry"],"_links":{"self":[{"href":"https:\/\/www.efppsuomi.fi\/index.php\/wp-json\/wp\/v2\/posts\/615","targetHints":{"allow":["GET"]}}],"collection":[{"href":"https:\/\/www.efppsuomi.fi\/index.php\/wp-json\/wp\/v2\/posts"}],"about":[{"href":"https:\/\/www.efppsuomi.fi\/index.php\/wp-json\/wp\/v2\/types\/post"}],"author":[{"embeddable":true,"href":"https:\/\/www.efppsuomi.fi\/index.php\/wp-json\/wp\/v2\/users\/1"}],"replies":[{"embeddable":true,"href":"https:\/\/www.efppsuomi.fi\/index.php\/wp-json\/wp\/v2\/comments?post=615"}],"version-history":[{"count":1,"href":"https:\/\/www.efppsuomi.fi\/index.php\/wp-json\/wp\/v2\/posts\/615\/revisions"}],"predecessor-version":[{"id":617,"href":"https:\/\/www.efppsuomi.fi\/index.php\/wp-json\/wp\/v2\/posts\/615\/revisions\/617"}],"wp:attachment":[{"href":"https:\/\/www.efppsuomi.fi\/index.php\/wp-json\/wp\/v2\/media?parent=615"}],"wp:term":[{"taxonomy":"category","embeddable":true,"href":"https:\/\/www.efppsuomi.fi\/index.php\/wp-json\/wp\/v2\/categories?post=615"},{"taxonomy":"post_tag","embeddable":true,"href":"https:\/\/www.efppsuomi.fi\/index.php\/wp-json\/wp\/v2\/tags?post=615"}],"curies":[{"name":"wp","href":"https:\/\/api.w.org\/{rel}","templated":true}]}}