{"id":664,"date":"2010-09-17T12:25:00","date_gmt":"2010-09-17T10:25:00","guid":{"rendered":"https:\/\/www.efppsuomi.fi\/?p=664"},"modified":"2023-01-26T23:06:48","modified_gmt":"2023-01-26T21:06:48","slug":"koulutuspaiva-psykoterapiatutkimuksen-ja-koulutuksen-paiva-17-9-2010","status":"publish","type":"post","link":"https:\/\/www.efppsuomi.fi\/index.php\/2010\/09\/17\/koulutuspaiva-psykoterapiatutkimuksen-ja-koulutuksen-paiva-17-9-2010\/","title":{"rendered":"Koulutusp\u00e4iv\u00e4: Psykoterapiatutkimuksen ja -koulutuksen p\u00e4iv\u00e4 17.9.2010"},"content":{"rendered":"\n<p><strong>Psykoterapiatutkimuksen ja -koulutuksen p\u00e4iv\u00e4 17.9.2010<\/strong><br><strong>\u00bb\u00a0<\/strong><a href=\"https:\/\/www.efppsuomi.fi\/wp-content\/uploads\/2021\/11\/EFPP_Neuvottelupaiva_2010_2.pdf\" target=\"_blank\" rel=\"noreferrer noopener\">EFPP Koulutusp\u00e4iv\u00e4 2010<\/a><br><strong>\u00bb\u00a0<\/strong><a href=\"https:\/\/www.efppsuomi.fi\/wp-content\/uploads\/2021\/11\/Kunnas-Leinonen_Kuntoutuspsykoterapia_EFPP_9_2010.pdf\" target=\"_blank\" rel=\"noreferrer noopener\">Kunnas-Leinonen Kuntoutuspsykoterapia EFPP 2010<\/a><br><strong>\u00bb\u00a0<\/strong><a href=\"https:\/\/www.efppsuomi.fi\/wp-content\/uploads\/2021\/11\/Tikkanen_Psykoterapeuttien_edunvalvonta_EFPP_2010.pdf\" target=\"_blank\" rel=\"noreferrer noopener\">Tikkanen Psykoterapeuttien edunvalvonta EFPP 2010<\/a><\/p>\n","protected":false},"excerpt":{"rendered":"<p>Psykoterapiatutkimuksen ja -koulutuksen p\u00e4iv\u00e4 17.9.2010\u00bb\u00a0EFPP Koulutusp\u00e4iv\u00e4 2010\u00bb\u00a0Kunnas-Leinonen Kuntoutuspsykoterapia&#8230;<\/p>\n<div class=\"more-link-wrapper\"><a class=\"more-link\" href=\"https:\/\/www.efppsuomi.fi\/index.php\/2010\/09\/17\/koulutuspaiva-psykoterapiatutkimuksen-ja-koulutuksen-paiva-17-9-2010\/\">Lue lis\u00e4\u00e4<span class=\"screen-reader-text\">Koulutusp\u00e4iv\u00e4: Psykoterapiatutkimuksen ja -koulutuksen p\u00e4iv\u00e4 17.9.2010<\/span><\/a><\/div>\n","protected":false},"author":1,"featured_media":0,"comment_status":"closed","ping_status":"open","sticky":false,"template":"","format":"standard","meta":{"footnotes":""},"categories":[10],"tags":[],"class_list":["post-664","post","type-post","status-publish","format-standard","hentry","category-ajankohtaista","entry"],"_links":{"self":[{"href":"https:\/\/www.efppsuomi.fi\/index.php\/wp-json\/wp\/v2\/posts\/664","targetHints":{"allow":["GET"]}}],"collection":[{"href":"https:\/\/www.efppsuomi.fi\/index.php\/wp-json\/wp\/v2\/posts"}],"about":[{"href":"https:\/\/www.efppsuomi.fi\/index.php\/wp-json\/wp\/v2\/types\/post"}],"author":[{"embeddable":true,"href":"https:\/\/www.efppsuomi.fi\/index.php\/wp-json\/wp\/v2\/users\/1"}],"replies":[{"embeddable":true,"href":"https:\/\/www.efppsuomi.fi\/index.php\/wp-json\/wp\/v2\/comments?post=664"}],"version-history":[{"count":1,"href":"https:\/\/www.efppsuomi.fi\/index.php\/wp-json\/wp\/v2\/posts\/664\/revisions"}],"predecessor-version":[{"id":668,"href":"https:\/\/www.efppsuomi.fi\/index.php\/wp-json\/wp\/v2\/posts\/664\/revisions\/668"}],"wp:attachment":[{"href":"https:\/\/www.efppsuomi.fi\/index.php\/wp-json\/wp\/v2\/media?parent=664"}],"wp:term":[{"taxonomy":"category","embeddable":true,"href":"https:\/\/www.efppsuomi.fi\/index.php\/wp-json\/wp\/v2\/categories?post=664"},{"taxonomy":"post_tag","embeddable":true,"href":"https:\/\/www.efppsuomi.fi\/index.php\/wp-json\/wp\/v2\/tags?post=664"}],"curies":[{"name":"wp","href":"https:\/\/api.w.org\/{rel}","templated":true}]}}