{"id":686,"date":"2019-03-29T13:27:00","date_gmt":"2019-03-29T11:27:00","guid":{"rendered":"https:\/\/www.efppsuomi.fi\/?p=686"},"modified":"2023-01-26T23:03:16","modified_gmt":"2023-01-26T21:03:16","slug":"koulutuspaiva-transferenssi-psykoterapiasuhteessa","status":"publish","type":"post","link":"https:\/\/www.efppsuomi.fi\/index.php\/2019\/03\/29\/koulutuspaiva-transferenssi-psykoterapiasuhteessa\/","title":{"rendered":"Koulutusp\u00e4iv\u00e4: TRANSFERENSSI PSYKOTERAPIASUHTEESSA"},"content":{"rendered":"\n<p><strong>Pohjois-Suomen psykoterapiayhdistys ry:n koulutusp\u00e4iv\u00e4<\/strong><\/p>\n\n\n\n<p><strong>TRANSFERENSSI PSYKOTERAPIASUHTEESSA<\/strong><br>\u201dNiin kuin kaksi mannerta,<br>joita meri erottaa<br>katselemme toisiamme<br>horisontin taa.\u201d<br>Aulikki Oksanen<br><br>Aika: perjantai 29.3.2019<br>Paikka: Lapland Hotel, Kirkkokatu 3, Oulu<br>Kouluttaja: Henrik Enckell, Lt, koulutuspsykoanalyytikko<br>8.30 &#8211; 9.00 Ilmoittautuminen ja kahvi<br>9.00 &#8211; 10.30 Luento pieni tauko<br>10.45 &#8211; 12.15 Luento 12.15 &#8211; 13.15<br>Lounas 13.15 &#8211; 14.45 Case ja kommentointi<br>Teoriatunteja haetaan Oulun yliopiston L\u00e4\u00e4ketieteellisen tiedekunnan ammatilliselta jatkokoulutustoimikunnalta teoreettiseksi kurssimuotoiseksi koulutukseksi psykiatrian, nuorisopsykiatrian ja lastenpsykiatrian erikoisl\u00e4\u00e4k\u00e4rikoulutukseen sek\u00e4 vanhuspsykiatrian lis\u00e4koulutukseen yhteens\u00e4 6 tuntia.<br><br>Hinta (sis\u00e4lt\u00e4\u00e4 tarjoilun): 200,00euroa \/ j\u00e4senilt\u00e4 180,00 euroa<br><br>Ilmoittautuminen viimeist\u00e4\u00e4n 22.3.2019:<br><strong>\u00bb\u00a0<\/strong><a rel=\"noreferrer noopener\" href=\"http:\/\/www.pohjois-suomenpsykoterapiayhdistys.com\/\" target=\"_blank\">Ilmoittautuminen<\/a><br><strong>\u00bb\u00a0<\/strong><a href=\"https:\/\/www.efppsuomi.fi\/wp-content\/uploads\/2021\/11\/P_Suomen_koulutuskutsu290319.pdf\" target=\"_blank\" rel=\"noreferrer noopener\">Tarkempi ohjelma<\/a><\/p>\n","protected":false},"excerpt":{"rendered":"<p>Pohjois-Suomen psykoterapiayhdistys ry:n koulutusp\u00e4iv\u00e4 TRANSFERENSSI PSYKOTERAPIASUHTEESSA\u201dNiin kuin kaksi&#8230;<\/p>\n<div class=\"more-link-wrapper\"><a class=\"more-link\" href=\"https:\/\/www.efppsuomi.fi\/index.php\/2019\/03\/29\/koulutuspaiva-transferenssi-psykoterapiasuhteessa\/\">Lue lis\u00e4\u00e4<span class=\"screen-reader-text\">Koulutusp\u00e4iv\u00e4: TRANSFERENSSI PSYKOTERAPIASUHTEESSA<\/span><\/a><\/div>\n","protected":false},"author":1,"featured_media":0,"comment_status":"closed","ping_status":"open","sticky":false,"template":"","format":"standard","meta":{"footnotes":""},"categories":[10],"tags":[],"class_list":["post-686","post","type-post","status-publish","format-standard","hentry","category-ajankohtaista","entry"],"_links":{"self":[{"href":"https:\/\/www.efppsuomi.fi\/index.php\/wp-json\/wp\/v2\/posts\/686","targetHints":{"allow":["GET"]}}],"collection":[{"href":"https:\/\/www.efppsuomi.fi\/index.php\/wp-json\/wp\/v2\/posts"}],"about":[{"href":"https:\/\/www.efppsuomi.fi\/index.php\/wp-json\/wp\/v2\/types\/post"}],"author":[{"embeddable":true,"href":"https:\/\/www.efppsuomi.fi\/index.php\/wp-json\/wp\/v2\/users\/1"}],"replies":[{"embeddable":true,"href":"https:\/\/www.efppsuomi.fi\/index.php\/wp-json\/wp\/v2\/comments?post=686"}],"version-history":[{"count":1,"href":"https:\/\/www.efppsuomi.fi\/index.php\/wp-json\/wp\/v2\/posts\/686\/revisions"}],"predecessor-version":[{"id":688,"href":"https:\/\/www.efppsuomi.fi\/index.php\/wp-json\/wp\/v2\/posts\/686\/revisions\/688"}],"wp:attachment":[{"href":"https:\/\/www.efppsuomi.fi\/index.php\/wp-json\/wp\/v2\/media?parent=686"}],"wp:term":[{"taxonomy":"category","embeddable":true,"href":"https:\/\/www.efppsuomi.fi\/index.php\/wp-json\/wp\/v2\/categories?post=686"},{"taxonomy":"post_tag","embeddable":true,"href":"https:\/\/www.efppsuomi.fi\/index.php\/wp-json\/wp\/v2\/tags?post=686"}],"curies":[{"name":"wp","href":"https:\/\/api.w.org\/{rel}","templated":true}]}}