{"id":700,"date":"2019-04-05T09:48:00","date_gmt":"2019-04-05T07:48:00","guid":{"rendered":"https:\/\/www.efppsuomi.fi\/?p=700"},"modified":"2023-01-26T23:32:17","modified_gmt":"2023-01-26T21:32:17","slug":"teemapaiva-hyvat-pahat-ja-rumat-narsismin-monet-kasvot","status":"publish","type":"post","link":"https:\/\/www.efppsuomi.fi\/index.php\/2019\/04\/05\/teemapaiva-hyvat-pahat-ja-rumat-narsismin-monet-kasvot\/","title":{"rendered":"Teemap\u00e4iv\u00e4: HYV\u00c4T, PAHAT JA RUMAT \u2013narsismin monet kasvot"},"content":{"rendered":"\n<p><strong>Therapeia-s\u00e4\u00e4ti\u00f6 j\u00e4rjest\u00e4\u00e4 teemap\u00e4iv\u00e4n<\/strong><strong>HYV\u00c4T, PAHAT JA RUMAT \u2013narsismin monet kasvot<\/strong><\/p>\n\n\n\n<p>Aika: Perjantai 5.4.2019<br>Paikka: Tekniskan Salit, Eerikinkatu 2, 6krs, Helsinki 10<br>Alustajat: Riitta Hyrck, VTM, koulutuspsykoanalyytikko<br>Hannu Lauerma, LT, psykiatrisen vankimielisairaalan ylil\u00e4\u00e4k\u00e4ri, dosentti<br>Kaj Davidkin, FM, koulutuspsykoanalyytikko, koulutusryhm\u00e4psykoanalyytikko<\/p>\n\n\n\n<p>Osallistumismaksu ja ilmoittautumistiedot LIITTEESS\u00c4<br>Tervetuloa!<br><strong>\u00bb\u00a0<\/strong><a href=\"https:\/\/www.efppsuomi.fi\/wp-content\/uploads\/2021\/11\/Narsismin_monet_kasvot_05042018.pdf\" target=\"_blank\" rel=\"noreferrer noopener\">Tarkempi ohjelma ja ilmoittautumisohjeet<\/a><\/p>\n","protected":false},"excerpt":{"rendered":"<p>Therapeia-s\u00e4\u00e4ti\u00f6 j\u00e4rjest\u00e4\u00e4 teemap\u00e4iv\u00e4nHYV\u00c4T, PAHAT JA RUMAT \u2013narsismin monet&#8230;<\/p>\n<div class=\"more-link-wrapper\"><a class=\"more-link\" href=\"https:\/\/www.efppsuomi.fi\/index.php\/2019\/04\/05\/teemapaiva-hyvat-pahat-ja-rumat-narsismin-monet-kasvot\/\">Lue lis\u00e4\u00e4<span class=\"screen-reader-text\">Teemap\u00e4iv\u00e4: HYV\u00c4T, PAHAT JA RUMAT \u2013narsismin monet kasvot<\/span><\/a><\/div>\n","protected":false},"author":1,"featured_media":0,"comment_status":"closed","ping_status":"open","sticky":false,"template":"","format":"standard","meta":{"footnotes":""},"categories":[10],"tags":[],"class_list":["post-700","post","type-post","status-publish","format-standard","hentry","category-ajankohtaista","entry"],"_links":{"self":[{"href":"https:\/\/www.efppsuomi.fi\/index.php\/wp-json\/wp\/v2\/posts\/700","targetHints":{"allow":["GET"]}}],"collection":[{"href":"https:\/\/www.efppsuomi.fi\/index.php\/wp-json\/wp\/v2\/posts"}],"about":[{"href":"https:\/\/www.efppsuomi.fi\/index.php\/wp-json\/wp\/v2\/types\/post"}],"author":[{"embeddable":true,"href":"https:\/\/www.efppsuomi.fi\/index.php\/wp-json\/wp\/v2\/users\/1"}],"replies":[{"embeddable":true,"href":"https:\/\/www.efppsuomi.fi\/index.php\/wp-json\/wp\/v2\/comments?post=700"}],"version-history":[{"count":1,"href":"https:\/\/www.efppsuomi.fi\/index.php\/wp-json\/wp\/v2\/posts\/700\/revisions"}],"predecessor-version":[{"id":702,"href":"https:\/\/www.efppsuomi.fi\/index.php\/wp-json\/wp\/v2\/posts\/700\/revisions\/702"}],"wp:attachment":[{"href":"https:\/\/www.efppsuomi.fi\/index.php\/wp-json\/wp\/v2\/media?parent=700"}],"wp:term":[{"taxonomy":"category","embeddable":true,"href":"https:\/\/www.efppsuomi.fi\/index.php\/wp-json\/wp\/v2\/categories?post=700"},{"taxonomy":"post_tag","embeddable":true,"href":"https:\/\/www.efppsuomi.fi\/index.php\/wp-json\/wp\/v2\/tags?post=700"}],"curies":[{"name":"wp","href":"https:\/\/api.w.org\/{rel}","templated":true}]}}