{"id":723,"date":"2019-09-21T10:25:00","date_gmt":"2019-09-21T08:25:00","guid":{"rendered":"https:\/\/www.efppsuomi.fi\/?p=723"},"modified":"2023-01-26T23:16:35","modified_gmt":"2023-01-26T21:16:35","slug":"koulutuspaiva-paivansade-vai-menninkainen-oidipaalisuus-ja-aggressio-tyton-kehityksessa","status":"publish","type":"post","link":"https:\/\/www.efppsuomi.fi\/index.php\/2019\/09\/21\/koulutuspaiva-paivansade-vai-menninkainen-oidipaalisuus-ja-aggressio-tyton-kehityksessa\/","title":{"rendered":"Koulutusp\u00e4iv\u00e4: P\u00c4IV\u00c4NS\u00c4DE VAI MENNINK\u00c4INEN? &#8211; Oidipaalisuus ja aggressio tyt\u00f6n kehityksess\u00e4"},"content":{"rendered":"\n<p><strong>Psykoterapias\u00e4\u00e4ti\u00f6 Monasterin<br>Lapsipsykoterapiatoimikunta j\u00e4rjest\u00e4\u00e4<br>KOULUTUSP\u00c4IV\u00c4T\u00a020.-21.9.2019<\/strong><\/p>\n\n\n\n<p>Oulun kaupunginkirjaston Pakkala-salissa Kaarlenv\u00e4yl\u00e4 3.<\/p>\n\n\n\n<p><strong>P\u00c4IV\u00c4NS\u00c4DE&nbsp;VAI&nbsp;MENNINK\u00c4INEN?<br>&#8211;&nbsp;Oidipaalisuus ja aggressio tyt\u00f6n kehityksess\u00e4<\/strong><\/p>\n\n\n\n<p>Koulutusp\u00e4iv\u00e4t on tarkoitettu psykoterapiasta kiinnostuneille ammattihenkil\u00f6ille. Koulutusp\u00e4ivi\u00e4 anotaan erikoistumiskoulutukseksi lastenpsykiatrian, nuorisopsykiatrian sek\u00e4 psykiatrian aloilla.<\/p>\n\n\n\n<p>Osallistumismaksu on 400 euroa (sis. alv 24 %) sis\u00e4lt\u00e4en kahvitarjoilut. Ilmoittautumiset 9.9.2019 menness\u00e4 eeva.korkeakivi@pp.inet.fi. Ilmoittautumisviestiss\u00e4 on mainittava osallistujan nimi ja laskutusosoite. Koulutus maksetaan j\u00e4lkeenp\u00e4in l\u00e4hetett\u00e4v\u00e4ll\u00e4 laskulla.<\/p>\n\n\n\n<p>Ohjelma liitteen\u00e4.<\/p>\n\n\n\n<p><strong>\u00bb\u00a0<\/strong><a href=\"https:\/\/www.efppsuomi.fi\/wp-content\/uploads\/2021\/11\/Monasteri2019.pdf\" target=\"_blank\" rel=\"noreferrer noopener\">Ohjelma<\/a><\/p>\n","protected":false},"excerpt":{"rendered":"<p>Psykoterapias\u00e4\u00e4ti\u00f6 MonasterinLapsipsykoterapiatoimikunta j\u00e4rjest\u00e4\u00e4KOULUTUSP\u00c4IV\u00c4T\u00a020.-21.9.2019 Oulun kaupunginkirjaston Pakkala-salissa Kaarlenv\u00e4yl\u00e4 3.&#8230;<\/p>\n<div class=\"more-link-wrapper\"><a class=\"more-link\" href=\"https:\/\/www.efppsuomi.fi\/index.php\/2019\/09\/21\/koulutuspaiva-paivansade-vai-menninkainen-oidipaalisuus-ja-aggressio-tyton-kehityksessa\/\">Lue lis\u00e4\u00e4<span class=\"screen-reader-text\">Koulutusp\u00e4iv\u00e4: P\u00c4IV\u00c4NS\u00c4DE VAI MENNINK\u00c4INEN? &#8211; Oidipaalisuus ja aggressio tyt\u00f6n kehityksess\u00e4<\/span><\/a><\/div>\n","protected":false},"author":1,"featured_media":0,"comment_status":"closed","ping_status":"open","sticky":false,"template":"","format":"standard","meta":{"footnotes":""},"categories":[10],"tags":[],"class_list":["post-723","post","type-post","status-publish","format-standard","hentry","category-ajankohtaista","entry"],"_links":{"self":[{"href":"https:\/\/www.efppsuomi.fi\/index.php\/wp-json\/wp\/v2\/posts\/723","targetHints":{"allow":["GET"]}}],"collection":[{"href":"https:\/\/www.efppsuomi.fi\/index.php\/wp-json\/wp\/v2\/posts"}],"about":[{"href":"https:\/\/www.efppsuomi.fi\/index.php\/wp-json\/wp\/v2\/types\/post"}],"author":[{"embeddable":true,"href":"https:\/\/www.efppsuomi.fi\/index.php\/wp-json\/wp\/v2\/users\/1"}],"replies":[{"embeddable":true,"href":"https:\/\/www.efppsuomi.fi\/index.php\/wp-json\/wp\/v2\/comments?post=723"}],"version-history":[{"count":1,"href":"https:\/\/www.efppsuomi.fi\/index.php\/wp-json\/wp\/v2\/posts\/723\/revisions"}],"predecessor-version":[{"id":725,"href":"https:\/\/www.efppsuomi.fi\/index.php\/wp-json\/wp\/v2\/posts\/723\/revisions\/725"}],"wp:attachment":[{"href":"https:\/\/www.efppsuomi.fi\/index.php\/wp-json\/wp\/v2\/media?parent=723"}],"wp:term":[{"taxonomy":"category","embeddable":true,"href":"https:\/\/www.efppsuomi.fi\/index.php\/wp-json\/wp\/v2\/categories?post=723"},{"taxonomy":"post_tag","embeddable":true,"href":"https:\/\/www.efppsuomi.fi\/index.php\/wp-json\/wp\/v2\/tags?post=723"}],"curies":[{"name":"wp","href":"https:\/\/api.w.org\/{rel}","templated":true}]}}