{"id":728,"date":"2019-09-30T10:32:00","date_gmt":"2019-09-30T08:32:00","guid":{"rendered":"https:\/\/www.efppsuomi.fi\/?p=728"},"modified":"2023-01-26T23:15:57","modified_gmt":"2023-01-26T21:15:57","slug":"taydennyskoulutus-vill-du-utbilda-dig-till-psykoterapeut-pa-svenska","status":"publish","type":"post","link":"https:\/\/www.efppsuomi.fi\/index.php\/2019\/09\/30\/taydennyskoulutus-vill-du-utbilda-dig-till-psykoterapeut-pa-svenska\/","title":{"rendered":"T\u00e4ydennyskoulutus: Vill du utbilda dig till psykoterapeut p\u00e5 svenska?"},"content":{"rendered":"\n<p><strong>Vill du utbilda dig till psykoterapeut p\u00e5 svenska?<\/strong><\/p>\n\n\n\n<p>Vill du utbilda dig till psykoterapeut p\u00e5 svenska men saknar de 30 studiepo\u00e4ng i psykologi eller psykiatri som kr\u00e4vs i basutbildningen f\u00f6r att kunna s\u00f6ka till en psykoterapeututbildning?<\/p>\n\n\n\n<p>Finlands Svenska Psykoterapif\u00f6rening kommer att arrangera en svenskspr\u00e5kig kompletteringsutbildning med inledning v\u00e5ren 2020 som motsvarar universitetens krav p\u00e5 till\u00e4ggsstudier i psykologi eller psykiatri f\u00f6r att kunna s\u00f6ka till en psykoterapeututbildning.<\/p>\n\n\n\n<p>Ans\u00f6kningstiden f\u00f6r kompletteringsutbildningen g\u00e5r ut 30.9.2019. Mer information finns p\u00e5 f\u00f6reningens hemsida www.psykoterapiutbildning.fi<\/p>\n\n\n\n<p>Vi \u00e4r tacksamma om denna information f\u00f6rmedlas till personer som eventuellt kan t\u00e4nkas vara intresserade av den kommande kompletteringsutbildningen.<\/p>\n\n\n\n<p>Finlands Svenska Psykoterapif\u00f6rening r.f.<\/p>\n","protected":false},"excerpt":{"rendered":"<p>Vill du utbilda dig till psykoterapeut p\u00e5 svenska?&#8230;<\/p>\n<div class=\"more-link-wrapper\"><a class=\"more-link\" href=\"https:\/\/www.efppsuomi.fi\/index.php\/2019\/09\/30\/taydennyskoulutus-vill-du-utbilda-dig-till-psykoterapeut-pa-svenska\/\">Lue lis\u00e4\u00e4<span class=\"screen-reader-text\">T\u00e4ydennyskoulutus: Vill du utbilda dig till psykoterapeut p\u00e5 svenska?<\/span><\/a><\/div>\n","protected":false},"author":1,"featured_media":0,"comment_status":"closed","ping_status":"open","sticky":false,"template":"","format":"standard","meta":{"footnotes":""},"categories":[10],"tags":[],"class_list":["post-728","post","type-post","status-publish","format-standard","hentry","category-ajankohtaista","entry"],"_links":{"self":[{"href":"https:\/\/www.efppsuomi.fi\/index.php\/wp-json\/wp\/v2\/posts\/728","targetHints":{"allow":["GET"]}}],"collection":[{"href":"https:\/\/www.efppsuomi.fi\/index.php\/wp-json\/wp\/v2\/posts"}],"about":[{"href":"https:\/\/www.efppsuomi.fi\/index.php\/wp-json\/wp\/v2\/types\/post"}],"author":[{"embeddable":true,"href":"https:\/\/www.efppsuomi.fi\/index.php\/wp-json\/wp\/v2\/users\/1"}],"replies":[{"embeddable":true,"href":"https:\/\/www.efppsuomi.fi\/index.php\/wp-json\/wp\/v2\/comments?post=728"}],"version-history":[{"count":1,"href":"https:\/\/www.efppsuomi.fi\/index.php\/wp-json\/wp\/v2\/posts\/728\/revisions"}],"predecessor-version":[{"id":729,"href":"https:\/\/www.efppsuomi.fi\/index.php\/wp-json\/wp\/v2\/posts\/728\/revisions\/729"}],"wp:attachment":[{"href":"https:\/\/www.efppsuomi.fi\/index.php\/wp-json\/wp\/v2\/media?parent=728"}],"wp:term":[{"taxonomy":"category","embeddable":true,"href":"https:\/\/www.efppsuomi.fi\/index.php\/wp-json\/wp\/v2\/categories?post=728"},{"taxonomy":"post_tag","embeddable":true,"href":"https:\/\/www.efppsuomi.fi\/index.php\/wp-json\/wp\/v2\/tags?post=728"}],"curies":[{"name":"wp","href":"https:\/\/api.w.org\/{rel}","templated":true}]}}