{"id":740,"date":"2020-03-31T06:40:00","date_gmt":"2020-03-31T04:40:00","guid":{"rendered":"https:\/\/www.efppsuomi.fi\/?p=740"},"modified":"2023-01-26T23:00:58","modified_gmt":"2023-01-26T21:00:58","slug":"koulutus-aikuisten-ja-nuorten-psykoanalyyttinen-ryhmapsyko-terapeutti-koulutus-70-op-helsingissa","status":"publish","type":"post","link":"https:\/\/www.efppsuomi.fi\/index.php\/2020\/03\/31\/koulutus-aikuisten-ja-nuorten-psykoanalyyttinen-ryhmapsyko-terapeutti-koulutus-70-op-helsingissa\/","title":{"rendered":"Koulutus: AIKUISTEN JA NUORTEN PSYKOANALYYTTINEN RYHM\u00c4PSYKO-TERAPEUTTI KOULUTUS (70 op) HELSINGISS\u00c4"},"content":{"rendered":"\n<p><strong>Suomen ryhm\u00e4psykoterapia ry:n ja Turun yliopiston j\u00e4rjest\u00e4m\u00e4 ryhm\u00e4psykoterapeuttikoulutus Helsingiss\u00e4 2020-2024. Haku koulutukseen on alkanut.<\/strong><br>AIKUISTEN JA NUORTEN PSYKOANALYYTTINEN RYHM\u00c4PSYKO-TERAPEUTTI KOULUTUS (70 op) HELSINGISS\u00c4<\/p>\n\n\n\n<p>Suomen ryhm\u00e4psykoterapia ry ja Turun yliopiston psykologian oppiaine j\u00e4rjest\u00e4v\u00e4t aikuisten ja nuorten psykoanalyyttisen ryhm\u00e4psykoterapeuttikoulutuksen (70 op) Helsingiss\u00e4. Koulutuksen suorittaminen mahdollistaa nimikesuojatun psykoterapeutti-nimikkeen hakemisen Valviralta. Koulutus pidet\u00e4\u00e4n Helsingin keskustassa vuosina 2020\u20132024.<\/p>\n\n\n\n<p>Koulutukseen haku on 17.2.\u201331.3.2020 ja koulutettavien valinta tapahtuu huhti\u2013toukokuun aikana 2020. Koulutuksen on tarkoitus alkaa kes\u00e4kuussa 2020 yhden p\u00e4iv\u00e4n informaatiojaksolla ja systemaattisesti syksyn alussa 2020.<\/p>\n\n\n\n<p>Linkit Turun yliopiston psykoterapeuttikoulutusten sivuille ja t\u00e4h\u00e4n haettavana olevaan koulutukseen ja sen tarkempiin hakukriteereihin l\u00f6ytyv\u00e4t www-osoitteesta\u00a0<strong>\u00bb\u00a0<\/strong><a rel=\"noreferrer noopener\" href=\"https:\/\/www.utu.fi\/fi\/yliopisto\/psykoterapeuttikoulutus\" target=\"_blank\">Linkki<\/a><br>Esite liitteess\u00e4.<br><strong>\u00bb<\/strong><a href=\"https:\/\/www.efppsuomi.fi\/wp-content\/uploads\/2021\/11\/Ryhmapsykoterapeuttikoulutuksen_esite0320.pdf\" target=\"_blank\" rel=\"noreferrer noopener\">Esite<\/a><\/p>\n","protected":false},"excerpt":{"rendered":"<p>Suomen ryhm\u00e4psykoterapia ry:n ja Turun yliopiston j\u00e4rjest\u00e4m\u00e4 ryhm\u00e4psykoterapeuttikoulutus&#8230;<\/p>\n<div class=\"more-link-wrapper\"><a class=\"more-link\" href=\"https:\/\/www.efppsuomi.fi\/index.php\/2020\/03\/31\/koulutus-aikuisten-ja-nuorten-psykoanalyyttinen-ryhmapsyko-terapeutti-koulutus-70-op-helsingissa\/\">Lue lis\u00e4\u00e4<span class=\"screen-reader-text\">Koulutus: AIKUISTEN JA NUORTEN PSYKOANALYYTTINEN RYHM\u00c4PSYKO-TERAPEUTTI KOULUTUS (70 op) HELSINGISS\u00c4<\/span><\/a><\/div>\n","protected":false},"author":1,"featured_media":0,"comment_status":"closed","ping_status":"open","sticky":false,"template":"","format":"standard","meta":{"footnotes":""},"categories":[10],"tags":[],"class_list":["post-740","post","type-post","status-publish","format-standard","hentry","category-ajankohtaista","entry"],"_links":{"self":[{"href":"https:\/\/www.efppsuomi.fi\/index.php\/wp-json\/wp\/v2\/posts\/740","targetHints":{"allow":["GET"]}}],"collection":[{"href":"https:\/\/www.efppsuomi.fi\/index.php\/wp-json\/wp\/v2\/posts"}],"about":[{"href":"https:\/\/www.efppsuomi.fi\/index.php\/wp-json\/wp\/v2\/types\/post"}],"author":[{"embeddable":true,"href":"https:\/\/www.efppsuomi.fi\/index.php\/wp-json\/wp\/v2\/users\/1"}],"replies":[{"embeddable":true,"href":"https:\/\/www.efppsuomi.fi\/index.php\/wp-json\/wp\/v2\/comments?post=740"}],"version-history":[{"count":1,"href":"https:\/\/www.efppsuomi.fi\/index.php\/wp-json\/wp\/v2\/posts\/740\/revisions"}],"predecessor-version":[{"id":742,"href":"https:\/\/www.efppsuomi.fi\/index.php\/wp-json\/wp\/v2\/posts\/740\/revisions\/742"}],"wp:attachment":[{"href":"https:\/\/www.efppsuomi.fi\/index.php\/wp-json\/wp\/v2\/media?parent=740"}],"wp:term":[{"taxonomy":"category","embeddable":true,"href":"https:\/\/www.efppsuomi.fi\/index.php\/wp-json\/wp\/v2\/categories?post=740"},{"taxonomy":"post_tag","embeddable":true,"href":"https:\/\/www.efppsuomi.fi\/index.php\/wp-json\/wp\/v2\/tags?post=740"}],"curies":[{"name":"wp","href":"https:\/\/api.w.org\/{rel}","templated":true}]}}