{"id":760,"date":"2021-02-13T07:30:00","date_gmt":"2021-02-13T05:30:00","guid":{"rendered":"https:\/\/www.efppsuomi.fi\/?p=760"},"modified":"2023-01-26T22:54:01","modified_gmt":"2023-01-26T20:54:01","slug":"koulutus-suomen-kuvataidepsykoterapia-ry-jarjestaa-zoom-etakoulutussarjan","status":"publish","type":"post","link":"https:\/\/www.efppsuomi.fi\/index.php\/2021\/02\/13\/koulutus-suomen-kuvataidepsykoterapia-ry-jarjestaa-zoom-etakoulutussarjan\/","title":{"rendered":"Koulutus: Suomen Kuvataidepsykoterapia ry j\u00e4rjest\u00e4\u00e4 Zoom -et\u00e4koulutussarjan"},"content":{"rendered":"\n<p><strong>Suomen Kuvataidepsykoterapia ry j\u00e4rjest\u00e4\u00e4 Zoom -et\u00e4koulutussarjan<br><\/strong><br>Suomen Kuvataidepsykoterapia ry j\u00e4rjest\u00e4\u00e4 Zoom -et\u00e4koulutussarjan vuonna 2020 julkaisemansa 45-vuotisjuhlajulkaisun artikkeleiden pohjalta.<br>Kouluttajina toimivat artikkeleiden kirjoittajat.<\/p>\n\n\n\n<p>Koulutussarja alkaa 13.2.2021 aiheella Esteettinen transferenssi ja vastatransferenssi &#8211; Esteettisen konfliktiteorian n\u00e4k\u00f6kulma<\/p>\n\n\n\n<p>Kouluttaja: PsL, koulutuspsykoanalyytikko, kuvataidepsykoterapeutti Mervi Leijala-Marttila<\/p>\n\n\n\n<p>Hinta: 40 e<\/p>\n\n\n\n<p>Ilmoittautuminen: Viimeist\u00e4\u00e4n 6.2.2021 menness\u00e4 Heidi Lepist\u00f6lle s\u00e4hk\u00f6postitse heidi.s.lepisto@gmail.com.<\/p>\n\n\n\n<p><strong>\u00bb\u00a0<\/strong><a href=\"https:\/\/www.efppsuomi.fi\/wp-content\/uploads\/2021\/11\/Sktp_luento_130221.pdf\" target=\"_blank\" rel=\"noreferrer noopener\">Lis\u00e4tietoja<\/a><\/p>\n\n\n\n<p>Linkki koulutukseen l\u00e4hetet\u00e4\u00e4n s\u00e4hk\u00f6postitse noin 2pv ennen koulutusta. (Muistathan katsoa tarvittaessa s\u00e4hk\u00f6postisi roskakorin.)<\/p>\n\n\n\n<p>Juhlajulkaisun tilaaminen: heidi.s.lepisto@gmail.com. Hinta 25e + postikulut. Ks.<br><strong>\u00bb&nbsp;<\/strong><a href=\"http:\/\/www.suomenkuvataidepsykoterapia.fi\/julkaisut\/\" target=\"_blank\" rel=\"noreferrer noopener\">Linkki Julkaisut<\/a><br>Katso my\u00f6s<br><strong>\u00bb&nbsp;<\/strong><a href=\"https:\/\/www.facebook.com\/EFPP-Suomen-kansallinen-verkosto-504447383256121\/\" target=\"_blank\" rel=\"noreferrer noopener\">Linkki EFPP_Facebook<\/a><\/p>\n","protected":false},"excerpt":{"rendered":"<p>Suomen Kuvataidepsykoterapia ry j\u00e4rjest\u00e4\u00e4 Zoom -et\u00e4koulutussarjanSuomen Kuvataidepsykoterapia ry&#8230;<\/p>\n<div class=\"more-link-wrapper\"><a class=\"more-link\" href=\"https:\/\/www.efppsuomi.fi\/index.php\/2021\/02\/13\/koulutus-suomen-kuvataidepsykoterapia-ry-jarjestaa-zoom-etakoulutussarjan\/\">Lue lis\u00e4\u00e4<span class=\"screen-reader-text\">Koulutus: Suomen Kuvataidepsykoterapia ry j\u00e4rjest\u00e4\u00e4 Zoom -et\u00e4koulutussarjan<\/span><\/a><\/div>\n","protected":false},"author":1,"featured_media":0,"comment_status":"closed","ping_status":"open","sticky":false,"template":"","format":"standard","meta":{"footnotes":""},"categories":[10],"tags":[],"class_list":["post-760","post","type-post","status-publish","format-standard","hentry","category-ajankohtaista","entry"],"_links":{"self":[{"href":"https:\/\/www.efppsuomi.fi\/index.php\/wp-json\/wp\/v2\/posts\/760","targetHints":{"allow":["GET"]}}],"collection":[{"href":"https:\/\/www.efppsuomi.fi\/index.php\/wp-json\/wp\/v2\/posts"}],"about":[{"href":"https:\/\/www.efppsuomi.fi\/index.php\/wp-json\/wp\/v2\/types\/post"}],"author":[{"embeddable":true,"href":"https:\/\/www.efppsuomi.fi\/index.php\/wp-json\/wp\/v2\/users\/1"}],"replies":[{"embeddable":true,"href":"https:\/\/www.efppsuomi.fi\/index.php\/wp-json\/wp\/v2\/comments?post=760"}],"version-history":[{"count":1,"href":"https:\/\/www.efppsuomi.fi\/index.php\/wp-json\/wp\/v2\/posts\/760\/revisions"}],"predecessor-version":[{"id":762,"href":"https:\/\/www.efppsuomi.fi\/index.php\/wp-json\/wp\/v2\/posts\/760\/revisions\/762"}],"wp:attachment":[{"href":"https:\/\/www.efppsuomi.fi\/index.php\/wp-json\/wp\/v2\/media?parent=760"}],"wp:term":[{"taxonomy":"category","embeddable":true,"href":"https:\/\/www.efppsuomi.fi\/index.php\/wp-json\/wp\/v2\/categories?post=760"},{"taxonomy":"post_tag","embeddable":true,"href":"https:\/\/www.efppsuomi.fi\/index.php\/wp-json\/wp\/v2\/tags?post=760"}],"curies":[{"name":"wp","href":"https:\/\/api.w.org\/{rel}","templated":true}]}}